{"id":6537,"date":"2021-09-10T06:55:11","date_gmt":"2021-09-10T04:55:11","guid":{"rendered":"https:\/\/web.cidai.eu\/mas-de-70-expertos-abordaran-en-barcelona-los-grandes-retos-de-la-inteligencia-artificial\/"},"modified":"2025-12-01T17:51:16","modified_gmt":"2025-12-01T16:51:16","slug":"mas-de-70-expertos-abordaran-en-barcelona-los-grandes-retos-de-la-inteligencia-artificial","status":"publish","type":"post","link":"https:\/\/cidai.eu\/es\/mas-de-70-expertos-abordaran-en-barcelona-los-grandes-retos-de-la-inteligencia-artificial\/","title":{"rendered":"M\u00e1s de 70 expertos abordar\u00e1n en Barcelona los grandes retos de la Inteligencia Artificial"},"content":{"rendered":"<p>El congreso<a href=\"https:\/\/aicongress.barcelona\/\">AI &#038; Big Data Congress<\/a>abordar\u00e1 este mes de septiembre en Barcelona los nuevos retos, las tendencias y mejores pr\u00e1cticas de empresas pioneras en el \u00e1mbito de la Inteligencia Artificial, una tecnolog\u00eda que se estima que en 2030 generar\u00e1 un incremento adicional de 15,7 billones de d\u00f3lares del PIB mundial, seg\u00fan datos recogidos en el informe \u201c<a href=\"http:\/\/catalunya2020.gencat.cat\/web\/.content\/00_catalunya2020\/Documents\/estrategies\/fitxers\/analisi-especialitzacio-intelligencia-artificial.pdf\">An\u00e1lisis de la especializaci\u00f3n en inteligencia artificial en Catalu\u00f1a<\/a>\u201d.<\/p>\n<p>Con un total de m\u00e1s de 60 ponencias, el congreso reunir\u00e1 unos setenta expertos e iniciativas l\u00edderes en el \u00e1mbito de la Inteligencia Artificial y la anal\u00edtica de datos, con el objetivo de \u201cponer sobre la mesa el potencial y los retos para su adopci\u00f3n a nivel empresarial, la captaci\u00f3n y retenci\u00f3n de talento y el representativos en sectores diversos como la salud y el bienestar, la Industria 4.0, la movilidad, la energ\u00eda y la sostenibilidad, entre otros\u201d, afirma el director del congreso, Joan Mas, director del Centro de Innovaci\u00f3n para Data Technical and Artificial Intelligence (CIDAI), entidad que organiza el evento, y del \u00c1rea Digital del centro tecnol\u00f3gico Eur.<\/p>\n<p>La bienvenida institucional correr\u00e1 a cargo del director general de Innovaci\u00f3n y Econom\u00eda Digital de la Generalidad de Catalu\u00f1a, Daniel Marco, del comisionado de Innovaci\u00f3n Digital, Buz\u00f3n \u00c9tico y Buen Gobierno del Ayuntamiento de Barcelona, \u200b\u200bMichael Donaldson, y del presidente de Eurecat, Xavier Torra.<\/p>\n<p>La AI &#038; Big Data Congress contar\u00e1 con una ponencia inaugural por parte de la Vicepresidenta de Producto, Mercados internacionales y Globalizaci\u00f3n de Procore, Anna N. Schlegel, reconocida como la mujer m\u00e1s influyente del mundo en el \u00e1mbito de la tecnolog\u00eda por la revista Analytics Insight, en la que presentar\u00e1 su visi\u00f3n sobre estrategia empresarial y tecnol\u00f3gica, \u00faltimas tendencias en desarrollo en Silicon Valley.<\/p>\n<p>Por su parte, Cristian Canton, l\u00edder del equipo AI Red Team de Facebook, especializado en descubrir, comprender y mitigar potenciales amenazas derivadas de la aplicaci\u00f3n de la Inteligencia Artificial para la compa\u00f1\u00eda, tratar\u00e1 sobre abusos y usos indebidos de esta tecnolog\u00eda y c\u00f3mo abordarlos de forma preventiva. El congreso contar\u00e1 tambi\u00e9n con ponencias de expertos del CIDAI y de organizaciones y empresas l\u00edderes.<\/p>\n<h2>Sesiones sectoriales en paralelo<\/h2>\n<p>El programa incluye tambi\u00e9n sesiones en paralelo en las que expertos de sectores como la Industria 4.0, la movilidad, la energ\u00eda y la sostenibilidad, el agroalimentario y las industrias culturales y creativas tratar\u00e1n sobre pruebas de concepto de referencia exitosas.<\/p>\n<p>Enmarcado dentro de la estrategia<a href=\"https:\/\/politiquesdigitals.gencat.cat\/ca\/tic\/catalonia-ai\">Catalonia.AI<\/a>de la Generalidad de Catalu\u00f1a y coordinado por<a href=\"https:\/\/eurecat.org\/\">Eurecat<\/a>, el CIDAI es una iniciativa p\u00fablico-privada que cuenta con la Generalidad de Catalu\u00f1a a trav\u00e9s del Departamento de la Vicepresidencia y de Pol\u00edticas Digitales y Territorio; el Ayuntamiento de Barcelona; el Barcelona Supercomputing Center; el Centro de Visi\u00f3n por Computador; everis, han NTT FECHA Company; la Fundaci\u00f3n i2CAT; Microsoft; SDG Group; el<a href=\"https:\/\/ideai.upc.edu\/en\">Intelligent Data Science and Artificial Intelligence Research Center (IDEAI<\/a>) de la Universidad Polit\u00e9cnica de Catalu\u00f1a \u00b7 BarcelonaTech (UPC) y Eurecat.<\/p>\n<p>CIDAI promueve la generaci\u00f3n, validaci\u00f3n y transferencia de tecnolog\u00edas de Inteligencia Artificial fiable de alto valor a\u00f1adido para fomentar la adopci\u00f3n y la innovaci\u00f3n tecnol\u00f3gica en los sectores estrat\u00e9gicos del pa\u00eds y sus empresas e instituciones, as\u00ed como la diseminaci\u00f3n de estas tecnolog\u00edas y buenas pr\u00e1cticas en la sociedad en general.<\/p>\n<p>El AI &#038; Big Data Congress es un evento organizado desde el CIDAI y coordinado por Eurecat y cuenta con el patrocinio de la Generalidad de Catalu\u00f1a, el Ayuntamiento de Barcelona, \u200b\u200bSDG Group, Microsoft, everis, NTT DATA Company, y CaixaBank. El congreso se celebrar\u00e1 el 14 de septiembre de forma presencial en el Auditori AXA Barcelona y se emitir\u00e1 por streaming. El 15 de septiembre tendr\u00e1 lugar \u00fanicamente en formato digital.<\/p>\n","protected":false},"excerpt":{"rendered":"<p>El congresoAI &#038; Big Data Congressabordar\u00e1 este mes de septiembre en Barcelona los nuevos retos, las tendencias y mejores pr\u00e1cticas de empresas pioneras en el [&#8230;]<\/p>\n","protected":false},"author":3,"featured_media":0,"comment_status":"closed","ping_status":"closed","sticky":false,"template":"","format":"standard","meta":{"_acf_changed":false,"footnotes":""},"categories":[77],"tags":[],"class_list":["post-6537","post","type-post","status-publish","format-standard","hentry","category-notas-de-prensa"],"acf":[],"yoast_head":"<!-- This site is optimized with the Yoast SEO plugin v28.4 - https:\/\/yoast.com\/product\/yoast-seo-wordpress\/ -->\n<title>M\u00e1s de 70 expertos abordar\u00e1n en Barcelona los grandes retos de la Inteligencia Artificial - CIDAI<\/title>\n<meta name=\"robots\" content=\"index, follow, max-snippet:-1, max-image-preview:large, max-video-preview:-1\" \/>\n<link rel=\"canonical\" href=\"https:\/\/cidai.eu\/es\/mas-de-70-expertos-abordaran-en-barcelona-los-grandes-retos-de-la-inteligencia-artificial\/\" \/>\n<meta property=\"og:locale\" content=\"es_ES\" \/>\n<meta property=\"og:type\" content=\"article\" \/>\n<meta property=\"og:title\" content=\"M\u00e1s de 70 expertos abordar\u00e1n en Barcelona los grandes retos de la Inteligencia Artificial - CIDAI\" \/>\n<meta property=\"og:description\" content=\"El congresoAI &#038; Big Data Congressabordar\u00e1 este mes de septiembre en Barcelona los nuevos retos, las tendencias y mejores pr\u00e1cticas de empresas pioneras en el [...]\" \/>\n<meta property=\"og:url\" content=\"https:\/\/cidai.eu\/es\/mas-de-70-expertos-abordaran-en-barcelona-los-grandes-retos-de-la-inteligencia-artificial\/\" \/>\n<meta property=\"og:site_name\" content=\"CIDAI\" \/>\n<meta property=\"article:published_time\" content=\"2021-09-10T04:55:11+00:00\" \/>\n<meta property=\"article:modified_time\" content=\"2025-12-01T16:51:16+00:00\" \/>\n<meta property=\"og:image\" content=\"https:\/\/cidai.eu\/wp-content\/uploads\/2025\/02\/CIDAI-header.png\" \/>\n\t<meta property=\"og:image:width\" content=\"385\" \/>\n\t<meta property=\"og:image:height\" content=\"78\" \/>\n\t<meta property=\"og:image:type\" content=\"image\/png\" \/>\n<meta name=\"author\" content=\"Luc\u00eda Arevalo\" \/>\n<meta name=\"twitter:card\" content=\"summary_large_image\" \/>\n<meta name=\"twitter:creator\" content=\"@cidai_eu\" \/>\n<meta name=\"twitter:site\" content=\"@cidai_eu\" \/>\n<meta name=\"twitter:label1\" content=\"Escrito por\" \/>\n\t<meta name=\"twitter:data1\" content=\"Luc\u00eda Arevalo\" \/>\n\t<meta name=\"twitter:label2\" content=\"Tiempo de lectura\" \/>\n\t<meta name=\"twitter:data2\" content=\"3 minutos\" \/>\n<script type=\"application\/ld+json\" class=\"yoast-schema-graph\">{\"@context\":\"https:\\\/\\\/schema.org\",\"@graph\":[{\"@type\":\"Article\",\"@id\":\"https:\\\/\\\/cidai.eu\\\/es\\\/mas-de-70-expertos-abordaran-en-barcelona-los-grandes-retos-de-la-inteligencia-artificial\\\/#article\",\"isPartOf\":{\"@id\":\"https:\\\/\\\/cidai.eu\\\/es\\\/mas-de-70-expertos-abordaran-en-barcelona-los-grandes-retos-de-la-inteligencia-artificial\\\/\"},\"author\":{\"name\":\"Luc\u00eda Arevalo\",\"@id\":\"https:\\\/\\\/cidai.eu\\\/#\\\/schema\\\/person\\\/cc9e051bdfb310f1cf7fad956c5d379f\"},\"headline\":\"M\u00e1s de 70 expertos abordar\u00e1n en Barcelona los grandes retos de la Inteligencia Artificial\",\"datePublished\":\"2021-09-10T04:55:11+00:00\",\"dateModified\":\"2025-12-01T16:51:16+00:00\",\"mainEntityOfPage\":{\"@id\":\"https:\\\/\\\/cidai.eu\\\/es\\\/mas-de-70-expertos-abordaran-en-barcelona-los-grandes-retos-de-la-inteligencia-artificial\\\/\"},\"wordCount\":659,\"publisher\":{\"@id\":\"https:\\\/\\\/cidai.eu\\\/#organization\"},\"articleSection\":[\"Notas de prensa\"],\"inLanguage\":\"es\"},{\"@type\":\"WebPage\",\"@id\":\"https:\\\/\\\/cidai.eu\\\/es\\\/mas-de-70-expertos-abordaran-en-barcelona-los-grandes-retos-de-la-inteligencia-artificial\\\/\",\"url\":\"https:\\\/\\\/cidai.eu\\\/es\\\/mas-de-70-expertos-abordaran-en-barcelona-los-grandes-retos-de-la-inteligencia-artificial\\\/\",\"name\":\"M\u00e1s de 70 expertos abordar\u00e1n en Barcelona los grandes retos de la Inteligencia Artificial - CIDAI\",\"isPartOf\":{\"@id\":\"https:\\\/\\\/cidai.eu\\\/#website\"},\"datePublished\":\"2021-09-10T04:55:11+00:00\",\"dateModified\":\"2025-12-01T16:51:16+00:00\",\"breadcrumb\":{\"@id\":\"https:\\\/\\\/cidai.eu\\\/es\\\/mas-de-70-expertos-abordaran-en-barcelona-los-grandes-retos-de-la-inteligencia-artificial\\\/#breadcrumb\"},\"inLanguage\":\"es\",\"potentialAction\":[{\"@type\":\"ReadAction\",\"target\":[\"https:\\\/\\\/cidai.eu\\\/es\\\/mas-de-70-expertos-abordaran-en-barcelona-los-grandes-retos-de-la-inteligencia-artificial\\\/\"]}]},{\"@type\":\"BreadcrumbList\",\"@id\":\"https:\\\/\\\/cidai.eu\\\/es\\\/mas-de-70-expertos-abordaran-en-barcelona-los-grandes-retos-de-la-inteligencia-artificial\\\/#breadcrumb\",\"itemListElement\":[{\"@type\":\"ListItem\",\"position\":1,\"name\":\"Inicio\",\"item\":\"https:\\\/\\\/cidai.eu\\\/\"},{\"@type\":\"ListItem\",\"position\":2,\"name\":\"M\u00e1s de 70 expertos abordar\u00e1n en Barcelona los grandes retos de la Inteligencia Artificial\"}]},{\"@type\":\"WebSite\",\"@id\":\"https:\\\/\\\/cidai.eu\\\/#website\",\"url\":\"https:\\\/\\\/cidai.eu\\\/\",\"name\":\"CIDAI\",\"description\":\"el Centre d\u2019Innovaci\u00f3 en IA i Tecnologies de Dades\",\"publisher\":{\"@id\":\"https:\\\/\\\/cidai.eu\\\/#organization\"},\"potentialAction\":[{\"@type\":\"SearchAction\",\"target\":{\"@type\":\"EntryPoint\",\"urlTemplate\":\"https:\\\/\\\/cidai.eu\\\/?s={search_term_string}\"},\"query-input\":{\"@type\":\"PropertyValueSpecification\",\"valueRequired\":true,\"valueName\":\"search_term_string\"}}],\"inLanguage\":\"es\"},{\"@type\":\"Organization\",\"@id\":\"https:\\\/\\\/cidai.eu\\\/#organization\",\"name\":\"CIDAI\",\"url\":\"https:\\\/\\\/cidai.eu\\\/\",\"logo\":{\"@type\":\"ImageObject\",\"inLanguage\":\"es\",\"@id\":\"https:\\\/\\\/cidai.eu\\\/#\\\/schema\\\/logo\\\/image\\\/\",\"url\":\"https:\\\/\\\/cidai.eu\\\/wp-content\\\/uploads\\\/2025\\\/02\\\/CIDAI-header.png\",\"contentUrl\":\"https:\\\/\\\/cidai.eu\\\/wp-content\\\/uploads\\\/2025\\\/02\\\/CIDAI-header.png\",\"width\":385,\"height\":78,\"caption\":\"CIDAI\"},\"image\":{\"@id\":\"https:\\\/\\\/cidai.eu\\\/#\\\/schema\\\/logo\\\/image\\\/\"},\"sameAs\":[\"https:\\\/\\\/x.com\\\/cidai_eu\",\"https:\\\/\\\/www.linkedin.com\\\/company\\\/cidai\\\/posts\\\/?feedView=all\"]},{\"@type\":\"Person\",\"@id\":\"https:\\\/\\\/cidai.eu\\\/#\\\/schema\\\/person\\\/cc9e051bdfb310f1cf7fad956c5d379f\",\"name\":\"Luc\u00eda Arevalo\",\"image\":{\"@type\":\"ImageObject\",\"inLanguage\":\"es\",\"@id\":\"https:\\\/\\\/secure.gravatar.com\\\/avatar\\\/6a90209dd4f25228e1781351558cd6349cfc877f702ab3a33e6437fbba0dc7b6?s=96&d=mm&r=g\",\"url\":\"https:\\\/\\\/secure.gravatar.com\\\/avatar\\\/6a90209dd4f25228e1781351558cd6349cfc877f702ab3a33e6437fbba0dc7b6?s=96&d=mm&r=g\",\"contentUrl\":\"https:\\\/\\\/secure.gravatar.com\\\/avatar\\\/6a90209dd4f25228e1781351558cd6349cfc877f702ab3a33e6437fbba0dc7b6?s=96&d=mm&r=g\",\"caption\":\"Luc\u00eda Arevalo\"}}]}<\/script>\n<!-- \/ Yoast SEO plugin. -->","yoast_head_json":{"title":"M\u00e1s de 70 expertos abordar\u00e1n en Barcelona los grandes retos de la Inteligencia Artificial - CIDAI","robots":{"index":"index","follow":"follow","max-snippet":"max-snippet:-1","max-image-preview":"max-image-preview:large","max-video-preview":"max-video-preview:-1"},"canonical":"https:\/\/cidai.eu\/es\/mas-de-70-expertos-abordaran-en-barcelona-los-grandes-retos-de-la-inteligencia-artificial\/","og_locale":"es_ES","og_type":"article","og_title":"M\u00e1s de 70 expertos abordar\u00e1n en Barcelona los grandes retos de la Inteligencia Artificial - CIDAI","og_description":"El congresoAI &#038; Big Data Congressabordar\u00e1 este mes de septiembre en Barcelona los nuevos retos, las tendencias y mejores pr\u00e1cticas de empresas pioneras en el [...]","og_url":"https:\/\/cidai.eu\/es\/mas-de-70-expertos-abordaran-en-barcelona-los-grandes-retos-de-la-inteligencia-artificial\/","og_site_name":"CIDAI","article_published_time":"2021-09-10T04:55:11+00:00","article_modified_time":"2025-12-01T16:51:16+00:00","og_image":[{"width":385,"height":78,"url":"https:\/\/cidai.eu\/wp-content\/uploads\/2025\/02\/CIDAI-header.png","type":"image\/png"}],"author":"Luc\u00eda Arevalo","twitter_card":"summary_large_image","twitter_creator":"@cidai_eu","twitter_site":"@cidai_eu","twitter_misc":{"Escrito por":"Luc\u00eda Arevalo","Tiempo de lectura":"3 minutos"},"schema":{"@context":"https:\/\/schema.org","@graph":[{"@type":"Article","@id":"https:\/\/cidai.eu\/es\/mas-de-70-expertos-abordaran-en-barcelona-los-grandes-retos-de-la-inteligencia-artificial\/#article","isPartOf":{"@id":"https:\/\/cidai.eu\/es\/mas-de-70-expertos-abordaran-en-barcelona-los-grandes-retos-de-la-inteligencia-artificial\/"},"author":{"name":"Luc\u00eda Arevalo","@id":"https:\/\/cidai.eu\/#\/schema\/person\/cc9e051bdfb310f1cf7fad956c5d379f"},"headline":"M\u00e1s de 70 expertos abordar\u00e1n en Barcelona los grandes retos de la Inteligencia Artificial","datePublished":"2021-09-10T04:55:11+00:00","dateModified":"2025-12-01T16:51:16+00:00","mainEntityOfPage":{"@id":"https:\/\/cidai.eu\/es\/mas-de-70-expertos-abordaran-en-barcelona-los-grandes-retos-de-la-inteligencia-artificial\/"},"wordCount":659,"publisher":{"@id":"https:\/\/cidai.eu\/#organization"},"articleSection":["Notas de prensa"],"inLanguage":"es"},{"@type":"WebPage","@id":"https:\/\/cidai.eu\/es\/mas-de-70-expertos-abordaran-en-barcelona-los-grandes-retos-de-la-inteligencia-artificial\/","url":"https:\/\/cidai.eu\/es\/mas-de-70-expertos-abordaran-en-barcelona-los-grandes-retos-de-la-inteligencia-artificial\/","name":"M\u00e1s de 70 expertos abordar\u00e1n en Barcelona los grandes retos de la Inteligencia Artificial - CIDAI","isPartOf":{"@id":"https:\/\/cidai.eu\/#website"},"datePublished":"2021-09-10T04:55:11+00:00","dateModified":"2025-12-01T16:51:16+00:00","breadcrumb":{"@id":"https:\/\/cidai.eu\/es\/mas-de-70-expertos-abordaran-en-barcelona-los-grandes-retos-de-la-inteligencia-artificial\/#breadcrumb"},"inLanguage":"es","potentialAction":[{"@type":"ReadAction","target":["https:\/\/cidai.eu\/es\/mas-de-70-expertos-abordaran-en-barcelona-los-grandes-retos-de-la-inteligencia-artificial\/"]}]},{"@type":"BreadcrumbList","@id":"https:\/\/cidai.eu\/es\/mas-de-70-expertos-abordaran-en-barcelona-los-grandes-retos-de-la-inteligencia-artificial\/#breadcrumb","itemListElement":[{"@type":"ListItem","position":1,"name":"Inicio","item":"https:\/\/cidai.eu\/"},{"@type":"ListItem","position":2,"name":"M\u00e1s de 70 expertos abordar\u00e1n en Barcelona los grandes retos de la Inteligencia Artificial"}]},{"@type":"WebSite","@id":"https:\/\/cidai.eu\/#website","url":"https:\/\/cidai.eu\/","name":"CIDAI","description":"el Centre d\u2019Innovaci\u00f3 en IA i Tecnologies de Dades","publisher":{"@id":"https:\/\/cidai.eu\/#organization"},"potentialAction":[{"@type":"SearchAction","target":{"@type":"EntryPoint","urlTemplate":"https:\/\/cidai.eu\/?s={search_term_string}"},"query-input":{"@type":"PropertyValueSpecification","valueRequired":true,"valueName":"search_term_string"}}],"inLanguage":"es"},{"@type":"Organization","@id":"https:\/\/cidai.eu\/#organization","name":"CIDAI","url":"https:\/\/cidai.eu\/","logo":{"@type":"ImageObject","inLanguage":"es","@id":"https:\/\/cidai.eu\/#\/schema\/logo\/image\/","url":"https:\/\/cidai.eu\/wp-content\/uploads\/2025\/02\/CIDAI-header.png","contentUrl":"https:\/\/cidai.eu\/wp-content\/uploads\/2025\/02\/CIDAI-header.png","width":385,"height":78,"caption":"CIDAI"},"image":{"@id":"https:\/\/cidai.eu\/#\/schema\/logo\/image\/"},"sameAs":["https:\/\/x.com\/cidai_eu","https:\/\/www.linkedin.com\/company\/cidai\/posts\/?feedView=all"]},{"@type":"Person","@id":"https:\/\/cidai.eu\/#\/schema\/person\/cc9e051bdfb310f1cf7fad956c5d379f","name":"Luc\u00eda Arevalo","image":{"@type":"ImageObject","inLanguage":"es","@id":"https:\/\/secure.gravatar.com\/avatar\/6a90209dd4f25228e1781351558cd6349cfc877f702ab3a33e6437fbba0dc7b6?s=96&d=mm&r=g","url":"https:\/\/secure.gravatar.com\/avatar\/6a90209dd4f25228e1781351558cd6349cfc877f702ab3a33e6437fbba0dc7b6?s=96&d=mm&r=g","contentUrl":"https:\/\/secure.gravatar.com\/avatar\/6a90209dd4f25228e1781351558cd6349cfc877f702ab3a33e6437fbba0dc7b6?s=96&d=mm&r=g","caption":"Luc\u00eda Arevalo"}}]}},"_links":{"self":[{"href":"https:\/\/cidai.eu\/es\/wp-json\/wp\/v2\/posts\/6537","targetHints":{"allow":["GET"]}}],"collection":[{"href":"https:\/\/cidai.eu\/es\/wp-json\/wp\/v2\/posts"}],"about":[{"href":"https:\/\/cidai.eu\/es\/wp-json\/wp\/v2\/types\/post"}],"author":[{"embeddable":true,"href":"https:\/\/cidai.eu\/es\/wp-json\/wp\/v2\/users\/3"}],"replies":[{"embeddable":true,"href":"https:\/\/cidai.eu\/es\/wp-json\/wp\/v2\/comments?post=6537"}],"version-history":[{"count":2,"href":"https:\/\/cidai.eu\/es\/wp-json\/wp\/v2\/posts\/6537\/revisions"}],"predecessor-version":[{"id":9228,"href":"https:\/\/cidai.eu\/es\/wp-json\/wp\/v2\/posts\/6537\/revisions\/9228"}],"wp:attachment":[{"href":"https:\/\/cidai.eu\/es\/wp-json\/wp\/v2\/media?parent=6537"}],"wp:term":[{"taxonomy":"category","embeddable":true,"href":"https:\/\/cidai.eu\/es\/wp-json\/wp\/v2\/categories?post=6537"},{"taxonomy":"post_tag","embeddable":true,"href":"https:\/\/cidai.eu\/es\/wp-json\/wp\/v2\/tags?post=6537"}],"curies":[{"name":"wp","href":"https:\/\/api.w.org\/{rel}","templated":true}]}}