{"id":5797,"date":"2022-06-30T13:45:02","date_gmt":"2022-06-30T11:45:02","guid":{"rendered":"https:\/\/web.cidai.eu\/estrategia-de-ia-de-cataluna-una-cuestion-de-pais\/"},"modified":"2025-12-01T17:51:11","modified_gmt":"2025-12-01T16:51:11","slug":"estrategia-de-ia-de-cataluna-una-cuestion-de-pais","status":"publish","type":"post","link":"https:\/\/cidai.eu\/es\/estrategia-de-ia-de-cataluna-una-cuestion-de-pais\/","title":{"rendered":"\u201cEstrategia de IA de Catalunya: una cuesti\u00f3n de pa\u00eds\u201d"},"content":{"rendered":"<p>&#160;<\/p>\n<p>A menudo me preguntan por qu\u00e9 desde el Gobierno de la Generalidad de Catalu\u00f1a hay que invertir presupuesto p\u00fablico en lo que llamamos \u201c<strong>estrategia de Inteligencia Artificial de Catalu\u00f1a<\/strong>\u201d (<a href=\"http:\/\/catalonia.ai\/\" target=\"_blank\" rel=\"noopener\">CATALONIA.AI<\/a>). \u00bfD\u00f3nde est\u00e1 la necesidad de hacerlo, por qu\u00e9 la Inteligencia Artificial merece esta atenci\u00f3n. La respuesta es fascinante y preocupante a la vez: hace tiempo que la IA ha dejado de ser una simple tecnolog\u00eda y se ha convertido en una cuesti\u00f3n pol\u00edtica, una cuesti\u00f3n estrat\u00e9gica, una cuesti\u00f3n de pa\u00eds.<\/p>\n<p>Debemos ser conscientes (ya menudo no lo somos) de que cada uno de nosotros est\u00e1 interactuando constantemente con sistemas de inteligencia artificial. Son sistemas invisibles que est\u00e1n ah\u00ed aunque nosotros no somos realmente conscientes de que est\u00e1n ah\u00ed. Hay sistemas de IA que deciden qui\u00e9nes pueden ser nuestros amigos o qu\u00e9 noticias leer\u00e1s en las redes sociales. Sistemas de IA que deciden cu\u00e1l es el pr\u00f3ximo producto que m\u00e1s necesitas o qu\u00e9 pel\u00edcula es la que m\u00e1s te interesar\u00e1 (o aquella que nunca sabr\u00e1s ni siquiera que existe&#8230;). Hablamos en nuestros tel\u00e9fonos y conversamos con nuestros asistentes de voz y, obviamente, esto lo podemos hacer gracias a la IA. Existen tambi\u00e9n sistemas de IA que deciden c\u00f3mo debes ir de un punto A a un punto B en base al estado del tr\u00e1fico o de las condiciones clim\u00e1ticas o, tal vez, en base a intereses comerciales. Encontramos sistemas de IA en los mercados financieros (decidiendo cu\u00e1ndo comprar o cu\u00e1ndo vender acciones), en los procesos industriales y en los coches \u201caut\u00f3nomos\u201d que empiezan a circular por nuestras carreteras. Y la Inteligencia Artificial est\u00e1 cada d\u00eda m\u00e1s presente en nuestro sistema sanitario e incluso en nuestro sistema legal. Por tanto, sistemas que pueden decidir qu\u00e9 tipo de tratamiento obtendr\u00e1s cuando est\u00e1s enfermo y visitas al m\u00e9dico o sistemas que deciden si el tuyo es un perfil adecuado para obtener un determinado trabajo o un seguro o, \u00a1incluso, si eres culpable o inocente de un crimen!<\/p>\n<p>Todo este panorama podr\u00eda ser magn\u00edfico si no fuera por un peque\u00f1o detalle: la Inteligencia Artificial no es (ni mucho menos) perfecta. La IA nos pone sobre la mesa retos inmensos que deben tenerse presentes y afrontar no s\u00f3lo desde la tecnolog\u00eda sino desde la vertiente m\u00e1s social y \u00e9tica. Retos como el de la <strong>privacidad<\/strong> (varios estudios demuestran c\u00f3mo la IA puede obtener datos personales, como la orientaci\u00f3n sexual de una persona, a partir de datos no personales expuestos en Internet&#8230; y de manera mucho m\u00e1s precisa que un humano!), la <strong>discriminaci\u00f3n y el sesgo<\/strong> (reproduciendo y amplificando los estereotipos y patrones que tenemos como sociedad, como la discriminaci\u00f3n por raz\u00f3n de g\u00e9nero o de raza), <strong>la asimetr\u00eda<\/strong> (unas pocas empresas tecnol\u00f3gicas disponen de los datos de billones de personas abriendo la puerta a la manipulaci\u00f3n de la poblaci\u00f3n, con ejemplos tan claros como el de Facebook y Cambridge Analytica o tan sutiles como el autocompletado de las b\u00fasquedas en Internet), la <strong>veracidad<\/strong> (no nos creamos todo lo que leemos o vemos&#8230; la IA puede crear texto, im\u00e1genes y v\u00eddeos completamente sint\u00e9ticos pero que dif\u00edcilmente seremos capaces de distinguirlos de texto, im\u00e1genes y v\u00eddeos reales), la <strong>falta de diversidad<\/strong> (tanto desde el punto de vista de los algoritmos, que acaban d\u00e1ndote s\u00f3lo lo que te gusta y escondiendo lo que no te gusta creando a tu alrededor una realidad que no tiene por qu\u00e9 ser la realidad, como desde el punto de vista de los equipos que desarrollan IA, b\u00e1sicamente formados por hombres blancos de mediana edad), o el reto de la <strong>seguridad<\/strong> (donde la \u201c<a href=\"https:\/\/en.wikipedia.org\/wiki\/Adversarial_machine_learning\" target=\"_blank\" rel=\"noopener\">adversarial AI<\/a>\u201d utiliza una IA para \u201cpiratear\u201d otra IA a\u00f1adiendo marcas imperceptibles en las im\u00e1genes que confunden completamente al sistema de IA que identifica, por ejemplo, la imagen de una se\u00f1al de \u201cstop\u201d por una se\u00f1al de \u201cprioridad de paso\u201d!).<\/p>\n<p>Es por todo esto que <strong>la IA ya no es s\u00f3lo tecnolog\u00eda, sino una cuesti\u00f3n pol\u00edtica<\/strong>. Y es por todo esto que la <a href=\"https:\/\/www.holoniq.com\/wp-content\/uploads\/2020\/02\/HolonIQ-2020-AI-Strategy-Landscape.pdf\" target=\"_blank\" rel=\"noopener\">mayor\u00eda de pa\u00edses del mundo<\/a> (y no s\u00f3lo Catalu\u00f1a) ya disponen a d\u00eda de hoy de planes estrat\u00e9gicos, hojas de ruta, planes de acci\u00f3n, gu\u00edas de mejores pr\u00e1cticas para abordar el despliegue de la IA en sus respectivos territorios. No tengamos ninguna duda de que esta visi\u00f3n estrat\u00e9gica (social y \u00e9tica) m\u00e1s all\u00e1 de la visi\u00f3n tecnol\u00f3gica es imprescindible si queremos (como dijo el cient\u00edfico Stephen Hawking) que la inteligencia artificial sea lo mejor que nos ha pasado nunca (y no lo peor que nos ha pasado nunca) como especie humana.<\/p>\n","protected":false},"excerpt":{"rendered":"<p>&#160; A menudo me preguntan por qu\u00e9 desde el Gobierno de la Generalidad de Catalu\u00f1a hay que invertir presupuesto p\u00fablico en lo que llamamos \u201cestrategia [&#8230;]<\/p>\n","protected":false},"author":3,"featured_media":0,"comment_status":"closed","ping_status":"closed","sticky":false,"template":"","format":"standard","meta":{"_acf_changed":false,"footnotes":""},"categories":[75],"tags":[],"class_list":["post-5797","post","type-post","status-publish","format-standard","hentry","category-blog-es"],"acf":[],"yoast_head":"<!-- This site is optimized with the Yoast SEO plugin v28.4 - https:\/\/yoast.com\/product\/yoast-seo-wordpress\/ -->\n<title>\u201cEstrategia de IA de Catalunya: una cuesti\u00f3n de pa\u00eds\u201d - CIDAI<\/title>\n<meta name=\"robots\" content=\"index, follow, max-snippet:-1, max-image-preview:large, max-video-preview:-1\" \/>\n<link rel=\"canonical\" href=\"https:\/\/cidai.eu\/es\/estrategia-de-ia-de-cataluna-una-cuestion-de-pais\/\" \/>\n<meta property=\"og:locale\" content=\"es_ES\" \/>\n<meta property=\"og:type\" content=\"article\" \/>\n<meta property=\"og:title\" content=\"\u201cEstrategia de IA de Catalunya: una cuesti\u00f3n de pa\u00eds\u201d - CIDAI\" \/>\n<meta property=\"og:description\" content=\"&#160; A menudo me preguntan por qu\u00e9 desde el Gobierno de la Generalidad de Catalu\u00f1a hay que invertir presupuesto p\u00fablico en lo que llamamos \u201cestrategia [...]\" \/>\n<meta property=\"og:url\" content=\"https:\/\/cidai.eu\/es\/estrategia-de-ia-de-cataluna-una-cuestion-de-pais\/\" \/>\n<meta property=\"og:site_name\" content=\"CIDAI\" \/>\n<meta property=\"article:published_time\" content=\"2022-06-30T11:45:02+00:00\" \/>\n<meta property=\"article:modified_time\" content=\"2025-12-01T16:51:11+00:00\" \/>\n<meta property=\"og:image\" content=\"https:\/\/cidai.eu\/wp-content\/uploads\/2025\/02\/CIDAI-header.png\" \/>\n\t<meta property=\"og:image:width\" content=\"385\" \/>\n\t<meta property=\"og:image:height\" content=\"78\" \/>\n\t<meta property=\"og:image:type\" content=\"image\/png\" \/>\n<meta name=\"author\" content=\"Luc\u00eda Arevalo\" \/>\n<meta name=\"twitter:card\" content=\"summary_large_image\" \/>\n<meta name=\"twitter:creator\" content=\"@cidai_eu\" \/>\n<meta name=\"twitter:site\" content=\"@cidai_eu\" \/>\n<meta name=\"twitter:label1\" content=\"Escrito por\" \/>\n\t<meta name=\"twitter:data1\" content=\"Luc\u00eda Arevalo\" \/>\n\t<meta name=\"twitter:label2\" content=\"Tiempo de lectura\" \/>\n\t<meta name=\"twitter:data2\" content=\"4 minutos\" \/>\n<script type=\"application\/ld+json\" class=\"yoast-schema-graph\">{\"@context\":\"https:\\\/\\\/schema.org\",\"@graph\":[{\"@type\":\"Article\",\"@id\":\"https:\\\/\\\/cidai.eu\\\/es\\\/estrategia-de-ia-de-cataluna-una-cuestion-de-pais\\\/#article\",\"isPartOf\":{\"@id\":\"https:\\\/\\\/cidai.eu\\\/es\\\/estrategia-de-ia-de-cataluna-una-cuestion-de-pais\\\/\"},\"author\":{\"name\":\"Luc\u00eda Arevalo\",\"@id\":\"https:\\\/\\\/cidai.eu\\\/#\\\/schema\\\/person\\\/cc9e051bdfb310f1cf7fad956c5d379f\"},\"headline\":\"\u201cEstrategia de IA de Catalunya: una cuesti\u00f3n de pa\u00eds\u201d\",\"datePublished\":\"2022-06-30T11:45:02+00:00\",\"dateModified\":\"2025-12-01T16:51:11+00:00\",\"mainEntityOfPage\":{\"@id\":\"https:\\\/\\\/cidai.eu\\\/es\\\/estrategia-de-ia-de-cataluna-una-cuestion-de-pais\\\/\"},\"wordCount\":840,\"publisher\":{\"@id\":\"https:\\\/\\\/cidai.eu\\\/#organization\"},\"articleSection\":[\"Blog\"],\"inLanguage\":\"es\"},{\"@type\":\"WebPage\",\"@id\":\"https:\\\/\\\/cidai.eu\\\/es\\\/estrategia-de-ia-de-cataluna-una-cuestion-de-pais\\\/\",\"url\":\"https:\\\/\\\/cidai.eu\\\/es\\\/estrategia-de-ia-de-cataluna-una-cuestion-de-pais\\\/\",\"name\":\"\u201cEstrategia de IA de Catalunya: una cuesti\u00f3n de pa\u00eds\u201d - CIDAI\",\"isPartOf\":{\"@id\":\"https:\\\/\\\/cidai.eu\\\/#website\"},\"datePublished\":\"2022-06-30T11:45:02+00:00\",\"dateModified\":\"2025-12-01T16:51:11+00:00\",\"breadcrumb\":{\"@id\":\"https:\\\/\\\/cidai.eu\\\/es\\\/estrategia-de-ia-de-cataluna-una-cuestion-de-pais\\\/#breadcrumb\"},\"inLanguage\":\"es\",\"potentialAction\":[{\"@type\":\"ReadAction\",\"target\":[\"https:\\\/\\\/cidai.eu\\\/es\\\/estrategia-de-ia-de-cataluna-una-cuestion-de-pais\\\/\"]}]},{\"@type\":\"BreadcrumbList\",\"@id\":\"https:\\\/\\\/cidai.eu\\\/es\\\/estrategia-de-ia-de-cataluna-una-cuestion-de-pais\\\/#breadcrumb\",\"itemListElement\":[{\"@type\":\"ListItem\",\"position\":1,\"name\":\"Inicio\",\"item\":\"https:\\\/\\\/cidai.eu\\\/\"},{\"@type\":\"ListItem\",\"position\":2,\"name\":\"\u201cEstrategia de IA de Catalunya: una cuesti\u00f3n de pa\u00eds\u201d\"}]},{\"@type\":\"WebSite\",\"@id\":\"https:\\\/\\\/cidai.eu\\\/#website\",\"url\":\"https:\\\/\\\/cidai.eu\\\/\",\"name\":\"CIDAI\",\"description\":\"el Centre d\u2019Innovaci\u00f3 en IA i Tecnologies de Dades\",\"publisher\":{\"@id\":\"https:\\\/\\\/cidai.eu\\\/#organization\"},\"potentialAction\":[{\"@type\":\"SearchAction\",\"target\":{\"@type\":\"EntryPoint\",\"urlTemplate\":\"https:\\\/\\\/cidai.eu\\\/?s={search_term_string}\"},\"query-input\":{\"@type\":\"PropertyValueSpecification\",\"valueRequired\":true,\"valueName\":\"search_term_string\"}}],\"inLanguage\":\"es\"},{\"@type\":\"Organization\",\"@id\":\"https:\\\/\\\/cidai.eu\\\/#organization\",\"name\":\"CIDAI\",\"url\":\"https:\\\/\\\/cidai.eu\\\/\",\"logo\":{\"@type\":\"ImageObject\",\"inLanguage\":\"es\",\"@id\":\"https:\\\/\\\/cidai.eu\\\/#\\\/schema\\\/logo\\\/image\\\/\",\"url\":\"https:\\\/\\\/cidai.eu\\\/wp-content\\\/uploads\\\/2025\\\/02\\\/CIDAI-header.png\",\"contentUrl\":\"https:\\\/\\\/cidai.eu\\\/wp-content\\\/uploads\\\/2025\\\/02\\\/CIDAI-header.png\",\"width\":385,\"height\":78,\"caption\":\"CIDAI\"},\"image\":{\"@id\":\"https:\\\/\\\/cidai.eu\\\/#\\\/schema\\\/logo\\\/image\\\/\"},\"sameAs\":[\"https:\\\/\\\/x.com\\\/cidai_eu\",\"https:\\\/\\\/www.linkedin.com\\\/company\\\/cidai\\\/posts\\\/?feedView=all\"]},{\"@type\":\"Person\",\"@id\":\"https:\\\/\\\/cidai.eu\\\/#\\\/schema\\\/person\\\/cc9e051bdfb310f1cf7fad956c5d379f\",\"name\":\"Luc\u00eda Arevalo\",\"image\":{\"@type\":\"ImageObject\",\"inLanguage\":\"es\",\"@id\":\"https:\\\/\\\/secure.gravatar.com\\\/avatar\\\/6a90209dd4f25228e1781351558cd6349cfc877f702ab3a33e6437fbba0dc7b6?s=96&d=mm&r=g\",\"url\":\"https:\\\/\\\/secure.gravatar.com\\\/avatar\\\/6a90209dd4f25228e1781351558cd6349cfc877f702ab3a33e6437fbba0dc7b6?s=96&d=mm&r=g\",\"contentUrl\":\"https:\\\/\\\/secure.gravatar.com\\\/avatar\\\/6a90209dd4f25228e1781351558cd6349cfc877f702ab3a33e6437fbba0dc7b6?s=96&d=mm&r=g\",\"caption\":\"Luc\u00eda Arevalo\"}}]}<\/script>\n<!-- \/ Yoast SEO plugin. -->","yoast_head_json":{"title":"\u201cEstrategia de IA de Catalunya: una cuesti\u00f3n de pa\u00eds\u201d - CIDAI","robots":{"index":"index","follow":"follow","max-snippet":"max-snippet:-1","max-image-preview":"max-image-preview:large","max-video-preview":"max-video-preview:-1"},"canonical":"https:\/\/cidai.eu\/es\/estrategia-de-ia-de-cataluna-una-cuestion-de-pais\/","og_locale":"es_ES","og_type":"article","og_title":"\u201cEstrategia de IA de Catalunya: una cuesti\u00f3n de pa\u00eds\u201d - CIDAI","og_description":"&#160; A menudo me preguntan por qu\u00e9 desde el Gobierno de la Generalidad de Catalu\u00f1a hay que invertir presupuesto p\u00fablico en lo que llamamos \u201cestrategia [...]","og_url":"https:\/\/cidai.eu\/es\/estrategia-de-ia-de-cataluna-una-cuestion-de-pais\/","og_site_name":"CIDAI","article_published_time":"2022-06-30T11:45:02+00:00","article_modified_time":"2025-12-01T16:51:11+00:00","og_image":[{"width":385,"height":78,"url":"https:\/\/cidai.eu\/wp-content\/uploads\/2025\/02\/CIDAI-header.png","type":"image\/png"}],"author":"Luc\u00eda Arevalo","twitter_card":"summary_large_image","twitter_creator":"@cidai_eu","twitter_site":"@cidai_eu","twitter_misc":{"Escrito por":"Luc\u00eda Arevalo","Tiempo de lectura":"4 minutos"},"schema":{"@context":"https:\/\/schema.org","@graph":[{"@type":"Article","@id":"https:\/\/cidai.eu\/es\/estrategia-de-ia-de-cataluna-una-cuestion-de-pais\/#article","isPartOf":{"@id":"https:\/\/cidai.eu\/es\/estrategia-de-ia-de-cataluna-una-cuestion-de-pais\/"},"author":{"name":"Luc\u00eda Arevalo","@id":"https:\/\/cidai.eu\/#\/schema\/person\/cc9e051bdfb310f1cf7fad956c5d379f"},"headline":"\u201cEstrategia de IA de Catalunya: una cuesti\u00f3n de pa\u00eds\u201d","datePublished":"2022-06-30T11:45:02+00:00","dateModified":"2025-12-01T16:51:11+00:00","mainEntityOfPage":{"@id":"https:\/\/cidai.eu\/es\/estrategia-de-ia-de-cataluna-una-cuestion-de-pais\/"},"wordCount":840,"publisher":{"@id":"https:\/\/cidai.eu\/#organization"},"articleSection":["Blog"],"inLanguage":"es"},{"@type":"WebPage","@id":"https:\/\/cidai.eu\/es\/estrategia-de-ia-de-cataluna-una-cuestion-de-pais\/","url":"https:\/\/cidai.eu\/es\/estrategia-de-ia-de-cataluna-una-cuestion-de-pais\/","name":"\u201cEstrategia de IA de Catalunya: una cuesti\u00f3n de pa\u00eds\u201d - CIDAI","isPartOf":{"@id":"https:\/\/cidai.eu\/#website"},"datePublished":"2022-06-30T11:45:02+00:00","dateModified":"2025-12-01T16:51:11+00:00","breadcrumb":{"@id":"https:\/\/cidai.eu\/es\/estrategia-de-ia-de-cataluna-una-cuestion-de-pais\/#breadcrumb"},"inLanguage":"es","potentialAction":[{"@type":"ReadAction","target":["https:\/\/cidai.eu\/es\/estrategia-de-ia-de-cataluna-una-cuestion-de-pais\/"]}]},{"@type":"BreadcrumbList","@id":"https:\/\/cidai.eu\/es\/estrategia-de-ia-de-cataluna-una-cuestion-de-pais\/#breadcrumb","itemListElement":[{"@type":"ListItem","position":1,"name":"Inicio","item":"https:\/\/cidai.eu\/"},{"@type":"ListItem","position":2,"name":"\u201cEstrategia de IA de Catalunya: una cuesti\u00f3n de pa\u00eds\u201d"}]},{"@type":"WebSite","@id":"https:\/\/cidai.eu\/#website","url":"https:\/\/cidai.eu\/","name":"CIDAI","description":"el Centre d\u2019Innovaci\u00f3 en IA i Tecnologies de Dades","publisher":{"@id":"https:\/\/cidai.eu\/#organization"},"potentialAction":[{"@type":"SearchAction","target":{"@type":"EntryPoint","urlTemplate":"https:\/\/cidai.eu\/?s={search_term_string}"},"query-input":{"@type":"PropertyValueSpecification","valueRequired":true,"valueName":"search_term_string"}}],"inLanguage":"es"},{"@type":"Organization","@id":"https:\/\/cidai.eu\/#organization","name":"CIDAI","url":"https:\/\/cidai.eu\/","logo":{"@type":"ImageObject","inLanguage":"es","@id":"https:\/\/cidai.eu\/#\/schema\/logo\/image\/","url":"https:\/\/cidai.eu\/wp-content\/uploads\/2025\/02\/CIDAI-header.png","contentUrl":"https:\/\/cidai.eu\/wp-content\/uploads\/2025\/02\/CIDAI-header.png","width":385,"height":78,"caption":"CIDAI"},"image":{"@id":"https:\/\/cidai.eu\/#\/schema\/logo\/image\/"},"sameAs":["https:\/\/x.com\/cidai_eu","https:\/\/www.linkedin.com\/company\/cidai\/posts\/?feedView=all"]},{"@type":"Person","@id":"https:\/\/cidai.eu\/#\/schema\/person\/cc9e051bdfb310f1cf7fad956c5d379f","name":"Luc\u00eda Arevalo","image":{"@type":"ImageObject","inLanguage":"es","@id":"https:\/\/secure.gravatar.com\/avatar\/6a90209dd4f25228e1781351558cd6349cfc877f702ab3a33e6437fbba0dc7b6?s=96&d=mm&r=g","url":"https:\/\/secure.gravatar.com\/avatar\/6a90209dd4f25228e1781351558cd6349cfc877f702ab3a33e6437fbba0dc7b6?s=96&d=mm&r=g","contentUrl":"https:\/\/secure.gravatar.com\/avatar\/6a90209dd4f25228e1781351558cd6349cfc877f702ab3a33e6437fbba0dc7b6?s=96&d=mm&r=g","caption":"Luc\u00eda Arevalo"}}]}},"_links":{"self":[{"href":"https:\/\/cidai.eu\/es\/wp-json\/wp\/v2\/posts\/5797","targetHints":{"allow":["GET"]}}],"collection":[{"href":"https:\/\/cidai.eu\/es\/wp-json\/wp\/v2\/posts"}],"about":[{"href":"https:\/\/cidai.eu\/es\/wp-json\/wp\/v2\/types\/post"}],"author":[{"embeddable":true,"href":"https:\/\/cidai.eu\/es\/wp-json\/wp\/v2\/users\/3"}],"replies":[{"embeddable":true,"href":"https:\/\/cidai.eu\/es\/wp-json\/wp\/v2\/comments?post=5797"}],"version-history":[{"count":2,"href":"https:\/\/cidai.eu\/es\/wp-json\/wp\/v2\/posts\/5797\/revisions"}],"predecessor-version":[{"id":9206,"href":"https:\/\/cidai.eu\/es\/wp-json\/wp\/v2\/posts\/5797\/revisions\/9206"}],"wp:attachment":[{"href":"https:\/\/cidai.eu\/es\/wp-json\/wp\/v2\/media?parent=5797"}],"wp:term":[{"taxonomy":"category","embeddable":true,"href":"https:\/\/cidai.eu\/es\/wp-json\/wp\/v2\/categories?post=5797"},{"taxonomy":"post_tag","embeddable":true,"href":"https:\/\/cidai.eu\/es\/wp-json\/wp\/v2\/tags?post=5797"}],"curies":[{"name":"wp","href":"https:\/\/api.w.org\/{rel}","templated":true}]}}