{"id":5779,"date":"2022-11-03T14:43:43","date_gmt":"2022-11-03T13:43:43","guid":{"rendered":"https:\/\/web.cidai.eu\/el-nacimiento-de-la-via-europea\/"},"modified":"2025-12-01T17:51:15","modified_gmt":"2025-12-01T16:51:15","slug":"el-nacimiento-de-la-via-europea","status":"publish","type":"post","link":"https:\/\/cidai.eu\/es\/el-nacimiento-de-la-via-europea\/","title":{"rendered":"El nacimiento de la vIA Europea"},"content":{"rendered":"<p>La Inteligencia Artificial (IA) se ha convertido en una pol\u00edtica de estado. Estados Unidos priorizan los principios del capital, dejando en manos privadas todas las decisiones importantes. La libertad (de hacer dinero) del individuo por encima de todo. China, en cambio, controla, por v\u00eda del estado omnipresente, los avances y usos de la IA, siguiendo la \u00e9tica oriental de priorizar los objetivos colectivos por encima de los personales (\u00bferes un buen ciudadano?). Y en medio de ambas, Europa busca su sitio. Un encaje que permita combinar los derechos individuales y el bienestar social que caracterizan a los principios comunes europeos, con la innovaci\u00f3n tecnol\u00f3gica y la valorizaci\u00f3n de los datos. Durante una d\u00e9cada, esta b\u00fasqueda ha parecido incapaz, ineficiente e infructuosa, con un par de excepciones dignas de menci\u00f3n.<\/p>\n<p>La <strong>m\u00e1s relevante contribuci\u00f3n Europea ha sido la GDPR.<\/strong> Una <strong>legislaci\u00f3n ambiciosa y exigente en la gesti\u00f3n de datos personales que obliga a las dos superpotencias alternativas a reconsiderar sus posiciones de m\u00e1ximos<\/strong>. Marcar la agenda mundial de la gesti\u00f3n de datos es un hito sin precedentes en el campo de los derechos digitales. M\u00e1s all\u00e1 de la GDPR, falta por ver si las gu\u00edas de uso \u00e9tico y confiable de la IA, promovidos por la Comisi\u00f3n Europea (HLEG-AI Guidelines) y, en especial, la legislaci\u00f3n que se prepara para el \u00e1mbito europeo (AI Act) tendr\u00e1n \u00e9xito o no.<\/p>\n<p><img decoding=\"async\" class=\"size-full wp-image-6512 alignleft lazyload\" data-src=\"https:\/\/cidai.eu\/wp-content\/uploads\/2025\/03\/Imagen2.jpg\" alt=\"\" width=\"115\" height=\"116\" src=\"data:image\/svg+xml;base64,PHN2ZyB3aWR0aD0iMSIgaGVpZ2h0PSIxIiB4bWxucz0iaHR0cDovL3d3dy53My5vcmcvMjAwMC9zdmciPjwvc3ZnPg==\" style=\"--smush-placeholder-width: 115px; --smush-placeholder-aspect-ratio: 115\/116;\"><\/p>\n<p><em><strong><img decoding=\"async\" class=\"size-full wp-image-6515 alignleft lazyload\" data-src=\"https:\/\/cidai.eu\/wp-content\/uploads\/2025\/03\/Imagen3.jpg\" alt=\"\" width=\"116\" height=\"115\" src=\"data:image\/svg+xml;base64,PHN2ZyB3aWR0aD0iMSIgaGVpZ2h0PSIxIiB4bWxucz0iaHR0cDovL3d3dy53My5vcmcvMjAwMC9zdmciPjwvc3ZnPg==\" style=\"--smush-placeholder-width: 116px; --smush-placeholder-aspect-ratio: 116\/115;\"><\/strong><\/em><\/p>\n<p><em><strong>Pero m\u00e1s all\u00e1 de estas contribuciones \u00e9ticas y legislativas, \u00bfqu\u00e9 m\u00e1s puede aportar Europa? <\/strong><\/em><br \/>\nHasta 2022, parec\u00eda que el tejido investigador europeo, distribuido, ligado a la docencia ya los fondos competitivos, era incapaz de mantener el ritmo de las entidades centralizadas e hiperespecializadas de EE.UU. y China. El mundo, abocado a que unas pocas empresas americanas y chinas (p. ej., OpenAI y DeepMind) marcaran la agenda p\u00fablica e industrial de la IA, ante la aparente indiferencia del secretismo chino. Competir con empresas que tienen procesos \u00e1giles, carentes de burocracia y consideraciones \u00e9ticas, es complicado. M\u00e1s a\u00fan cuando el valor de las contribuciones se mide en impacto sobre la opini\u00f3n p\u00fablica. \u00bfGastar millones de d\u00f3lares por el entrenamiento de un modelo de IA s\u00f3lo para poder tener el m\u00e1s caro de todos? \u00a1Oh, yeah!<\/p>\n<p>Europa no entr\u00f3 en este juego, con raz\u00f3n, aunque dispone de una infraestructura computacional adecuada. Por un lado, los centros p\u00fablicos de supercomputaci\u00f3n, bien regulados, no pueden competir en flexibilidad en la carrera de marketing que es la IA del siglo XXI. Por otro, la limitada relevancia cient\u00edfica de hacer modelos de IA m\u00e1s grandes simplemente porque podemos no justifica el enorme gasto medioambiental y econ\u00f3mico asociado.<\/p>\n<p>As\u00ed las cosas<strong>, la IA m\u00e1s impresionante parec\u00eda destinada a ser una tecnolog\u00eda controlada por unos pocos, con un modelo de negocio basado en la suscripci\u00f3n, y donde los modelos entrenados son la m\u00e1s preciada propiedad empresarial<\/strong>. Modelos privativos como GPT3 (para la generaci\u00f3n autom\u00e1tica de texto) o DALL-e (para la generaci\u00f3n autom\u00e1tica de im\u00e1genes) parec\u00edan inalcanzables. Hasta 2022. Este a\u00f1o lo ha cambiado todo. Una iniciativa financiada por instituciones de investigaci\u00f3n francesas, con la participaci\u00f3n de investigadores de m\u00e1s de sesenta nacionalidades (BigScience), entren\u00f3 a un modelo de lenguaje natural del tama\u00f1o de GPT3. En primavera fue liberado BLOOM, el mayor modelo de lenguaje natural de uso p\u00fablico y gratuito. Cualquier individuo o empresa puede superar el test de Turing con el ordenador de sobremesa. Pero esto no es todo. En agosto, Stability.AI, una empresa europea, invirti\u00f3 600K\u20ac en entrenar un modelo generador de im\u00e1genes llamado StableDiffusion, logrando resultados comparables a <strong>DALL-E2<\/strong>, para luego liberarlo, permitiendo el uso p\u00fablico y comercial del modelo. La comunidad explot\u00f3, y la popularidad de la herramienta ya ha superado la de los modelos privativos existentes, poniendo a Stability.AI en el centro del escenario. Ya se habla de ofertas milmillonarias por la compa\u00f1\u00eda, lo que ayudar\u00e1 a dar la vuelta a la mentalidad dominante que dec\u00eda \u00abun modelo de IA privado es m\u00e1s valioso que uno p\u00fablico\u00bb.<\/p>\n<p><strong><img fetchpriority=\"high\" decoding=\"async\" class=\"aligncenter wp-image-6527 size-full\" src=\"https:\/\/cidai.eu\/wp-content\/uploads\/2025\/03\/Captura2.jpg\" alt=\"\" width=\"731\" height=\"312\">BLOOM<\/strong> y <strong>StableDiffusion<\/strong> son herramientas que habilitar\u00e1n la creaci\u00f3n de iniciativas p\u00fablicas y privadas en todos los sectores relacionados con el lenguaje natural y la imagen. Ser\u00e1n la semilla de muchos productos y servicios que veremos aparecer en nuestras vidas durante 2023, revolucionando sectores como el audiovisual, el arte, la publicidad, la atenci\u00f3n personal y el entretenimiento. Pero esto no es todo. BLOOM y StableDiffusion han influenciado la filosof\u00eda imperante de sus competidores. En un movimiento reactivo, OpenAI liber\u00f3 en septiembre el c\u00f3digo y el modelo de Whisper, un transcriptor de voz a texto, capaz de interpretar acentos enrevesados \u200b\u200ben 52 idiomas (donde el catal\u00e1n es el d\u00e9cimo que mejor funciona). La mancha de aceite de los modelos abiertos comienza a extenderse.<\/p>\n<p>La<strong> v\u00cda Europea<\/strong> ha tardado en llegar, y podr\u00eda considerarse en 2022 como el a\u00f1o de su nacimiento. Una v\u00eda de c\u00f3digo y modelos abiertos, donde la innovaci\u00f3n es democratizada y accesible, superando viejos dogmas sobre el control de los recursos y avanzando hacia una competici\u00f3n meritocr\u00e1tica con principios \u00e9ticos. Falta por ver hasta qu\u00e9 punto la burocracia europea asumir\u00e1 y apoyar\u00e1 este camino.<\/p>\n<p>Ahora bien, queda por hacer lo m\u00e1s complicado. Existe un mont\u00f3n de aspectos \u00e9ticos y legales a considerar, derivados de entrenar, liberar y usar estos modelos, que ahora reclaman atenci\u00f3n urgente. Europa est\u00e1 llamada a jugar un papel esencial, balanceando derechos fundamentales, equidad y progreso social. Preguntas como, \u00bfes leg\u00edtimo que un modelo aprenda de datos con copyright? \u00bfEs compatible esto con la supervivencia de sectores como el art\u00edstico y el cultural? \u00bfEs adecuado utilizar modelos entrenados sobre datos que reflejan los peores sesgos de nuestra sociedad, reproduciendo y perpetuando la discriminaci\u00f3n? Las respuestas a estas preguntas marcar\u00e1n el futuro de la IA y de nuestra sociedad. La disponibilidad de modelos abiertos permite que podamos ponernos a resolver estos retos desde hoy, pero tambi\u00e9n nos obliga a no dejarlo para ma\u00f1ana.<\/p>\n","protected":false},"excerpt":{"rendered":"<p>La Inteligencia Artificial (IA) se ha convertido en una pol\u00edtica de estado. Estados Unidos priorizan los principios del capital, dejando en manos privadas todas las [&#8230;]<\/p>\n","protected":false},"author":3,"featured_media":5273,"comment_status":"closed","ping_status":"closed","sticky":false,"template":"","format":"standard","meta":{"_acf_changed":false,"footnotes":""},"categories":[75],"tags":[],"class_list":["post-5779","post","type-post","status-publish","format-standard","has-post-thumbnail","hentry","category-blog-es"],"acf":[],"yoast_head":"<!-- This site is optimized with the Yoast SEO plugin v28.4 - https:\/\/yoast.com\/product\/yoast-seo-wordpress\/ -->\n<title>El nacimiento de la vIA Europea - CIDAI<\/title>\n<meta name=\"robots\" content=\"index, follow, max-snippet:-1, max-image-preview:large, max-video-preview:-1\" \/>\n<link rel=\"canonical\" href=\"https:\/\/cidai.eu\/es\/el-nacimiento-de-la-via-europea\/\" \/>\n<meta property=\"og:locale\" content=\"es_ES\" \/>\n<meta property=\"og:type\" content=\"article\" \/>\n<meta property=\"og:title\" content=\"El nacimiento de la vIA Europea - CIDAI\" \/>\n<meta property=\"og:description\" content=\"La Inteligencia Artificial (IA) se ha convertido en una pol\u00edtica de estado. Estados Unidos priorizan los principios del capital, dejando en manos privadas todas las [...]\" \/>\n<meta property=\"og:url\" content=\"https:\/\/cidai.eu\/es\/el-nacimiento-de-la-via-europea\/\" \/>\n<meta property=\"og:site_name\" content=\"CIDAI\" \/>\n<meta property=\"article:published_time\" content=\"2022-11-03T13:43:43+00:00\" \/>\n<meta property=\"article:modified_time\" content=\"2025-12-01T16:51:15+00:00\" \/>\n<meta property=\"og:image\" content=\"https:\/\/cidai.eu\/wp-content\/uploads\/2025\/03\/Foto-Dario-editada-300x300-1.jpg\" \/>\n\t<meta property=\"og:image:width\" content=\"300\" \/>\n\t<meta property=\"og:image:height\" content=\"300\" \/>\n\t<meta property=\"og:image:type\" content=\"image\/jpeg\" \/>\n<meta name=\"author\" content=\"Luc\u00eda Arevalo\" \/>\n<meta name=\"twitter:card\" content=\"summary_large_image\" \/>\n<meta name=\"twitter:creator\" content=\"@cidai_eu\" \/>\n<meta name=\"twitter:site\" content=\"@cidai_eu\" \/>\n<meta name=\"twitter:label1\" content=\"Escrito por\" \/>\n\t<meta name=\"twitter:data1\" content=\"Luc\u00eda Arevalo\" \/>\n\t<meta name=\"twitter:label2\" content=\"Tiempo de lectura\" \/>\n\t<meta name=\"twitter:data2\" content=\"5 minutos\" \/>\n<script type=\"application\/ld+json\" class=\"yoast-schema-graph\">{\"@context\":\"https:\\\/\\\/schema.org\",\"@graph\":[{\"@type\":\"Article\",\"@id\":\"https:\\\/\\\/cidai.eu\\\/es\\\/el-nacimiento-de-la-via-europea\\\/#article\",\"isPartOf\":{\"@id\":\"https:\\\/\\\/cidai.eu\\\/es\\\/el-nacimiento-de-la-via-europea\\\/\"},\"author\":{\"name\":\"Luc\u00eda Arevalo\",\"@id\":\"https:\\\/\\\/cidai.eu\\\/#\\\/schema\\\/person\\\/cc9e051bdfb310f1cf7fad956c5d379f\"},\"headline\":\"El nacimiento de la vIA Europea\",\"datePublished\":\"2022-11-03T13:43:43+00:00\",\"dateModified\":\"2025-12-01T16:51:15+00:00\",\"mainEntityOfPage\":{\"@id\":\"https:\\\/\\\/cidai.eu\\\/es\\\/el-nacimiento-de-la-via-europea\\\/\"},\"wordCount\":1056,\"publisher\":{\"@id\":\"https:\\\/\\\/cidai.eu\\\/#organization\"},\"image\":{\"@id\":\"https:\\\/\\\/cidai.eu\\\/es\\\/el-nacimiento-de-la-via-europea\\\/#primaryimage\"},\"thumbnailUrl\":\"https:\\\/\\\/cidai.eu\\\/wp-content\\\/uploads\\\/2025\\\/03\\\/Foto-Dario-editada-300x300-1.jpg\",\"articleSection\":[\"Blog\"],\"inLanguage\":\"es\"},{\"@type\":\"WebPage\",\"@id\":\"https:\\\/\\\/cidai.eu\\\/es\\\/el-nacimiento-de-la-via-europea\\\/\",\"url\":\"https:\\\/\\\/cidai.eu\\\/es\\\/el-nacimiento-de-la-via-europea\\\/\",\"name\":\"El nacimiento de la vIA Europea - CIDAI\",\"isPartOf\":{\"@id\":\"https:\\\/\\\/cidai.eu\\\/#website\"},\"primaryImageOfPage\":{\"@id\":\"https:\\\/\\\/cidai.eu\\\/es\\\/el-nacimiento-de-la-via-europea\\\/#primaryimage\"},\"image\":{\"@id\":\"https:\\\/\\\/cidai.eu\\\/es\\\/el-nacimiento-de-la-via-europea\\\/#primaryimage\"},\"thumbnailUrl\":\"https:\\\/\\\/cidai.eu\\\/wp-content\\\/uploads\\\/2025\\\/03\\\/Foto-Dario-editada-300x300-1.jpg\",\"datePublished\":\"2022-11-03T13:43:43+00:00\",\"dateModified\":\"2025-12-01T16:51:15+00:00\",\"breadcrumb\":{\"@id\":\"https:\\\/\\\/cidai.eu\\\/es\\\/el-nacimiento-de-la-via-europea\\\/#breadcrumb\"},\"inLanguage\":\"es\",\"potentialAction\":[{\"@type\":\"ReadAction\",\"target\":[\"https:\\\/\\\/cidai.eu\\\/es\\\/el-nacimiento-de-la-via-europea\\\/\"]}]},{\"@type\":\"ImageObject\",\"inLanguage\":\"es\",\"@id\":\"https:\\\/\\\/cidai.eu\\\/es\\\/el-nacimiento-de-la-via-europea\\\/#primaryimage\",\"url\":\"https:\\\/\\\/cidai.eu\\\/wp-content\\\/uploads\\\/2025\\\/03\\\/Foto-Dario-editada-300x300-1.jpg\",\"contentUrl\":\"https:\\\/\\\/cidai.eu\\\/wp-content\\\/uploads\\\/2025\\\/03\\\/Foto-Dario-editada-300x300-1.jpg\",\"width\":300,\"height\":300,\"caption\":\"Dario Gasulla\"},{\"@type\":\"BreadcrumbList\",\"@id\":\"https:\\\/\\\/cidai.eu\\\/es\\\/el-nacimiento-de-la-via-europea\\\/#breadcrumb\",\"itemListElement\":[{\"@type\":\"ListItem\",\"position\":1,\"name\":\"Inicio\",\"item\":\"https:\\\/\\\/cidai.eu\\\/\"},{\"@type\":\"ListItem\",\"position\":2,\"name\":\"El nacimiento de la vIA Europea\"}]},{\"@type\":\"WebSite\",\"@id\":\"https:\\\/\\\/cidai.eu\\\/#website\",\"url\":\"https:\\\/\\\/cidai.eu\\\/\",\"name\":\"CIDAI\",\"description\":\"el Centre d\u2019Innovaci\u00f3 en IA i Tecnologies de Dades\",\"publisher\":{\"@id\":\"https:\\\/\\\/cidai.eu\\\/#organization\"},\"potentialAction\":[{\"@type\":\"SearchAction\",\"target\":{\"@type\":\"EntryPoint\",\"urlTemplate\":\"https:\\\/\\\/cidai.eu\\\/?s={search_term_string}\"},\"query-input\":{\"@type\":\"PropertyValueSpecification\",\"valueRequired\":true,\"valueName\":\"search_term_string\"}}],\"inLanguage\":\"es\"},{\"@type\":\"Organization\",\"@id\":\"https:\\\/\\\/cidai.eu\\\/#organization\",\"name\":\"CIDAI\",\"url\":\"https:\\\/\\\/cidai.eu\\\/\",\"logo\":{\"@type\":\"ImageObject\",\"inLanguage\":\"es\",\"@id\":\"https:\\\/\\\/cidai.eu\\\/#\\\/schema\\\/logo\\\/image\\\/\",\"url\":\"https:\\\/\\\/cidai.eu\\\/wp-content\\\/uploads\\\/2025\\\/02\\\/CIDAI-header.png\",\"contentUrl\":\"https:\\\/\\\/cidai.eu\\\/wp-content\\\/uploads\\\/2025\\\/02\\\/CIDAI-header.png\",\"width\":385,\"height\":78,\"caption\":\"CIDAI\"},\"image\":{\"@id\":\"https:\\\/\\\/cidai.eu\\\/#\\\/schema\\\/logo\\\/image\\\/\"},\"sameAs\":[\"https:\\\/\\\/x.com\\\/cidai_eu\",\"https:\\\/\\\/www.linkedin.com\\\/company\\\/cidai\\\/posts\\\/?feedView=all\"]},{\"@type\":\"Person\",\"@id\":\"https:\\\/\\\/cidai.eu\\\/#\\\/schema\\\/person\\\/cc9e051bdfb310f1cf7fad956c5d379f\",\"name\":\"Luc\u00eda Arevalo\",\"image\":{\"@type\":\"ImageObject\",\"inLanguage\":\"es\",\"@id\":\"https:\\\/\\\/secure.gravatar.com\\\/avatar\\\/6a90209dd4f25228e1781351558cd6349cfc877f702ab3a33e6437fbba0dc7b6?s=96&d=mm&r=g\",\"url\":\"https:\\\/\\\/secure.gravatar.com\\\/avatar\\\/6a90209dd4f25228e1781351558cd6349cfc877f702ab3a33e6437fbba0dc7b6?s=96&d=mm&r=g\",\"contentUrl\":\"https:\\\/\\\/secure.gravatar.com\\\/avatar\\\/6a90209dd4f25228e1781351558cd6349cfc877f702ab3a33e6437fbba0dc7b6?s=96&d=mm&r=g\",\"caption\":\"Luc\u00eda Arevalo\"}}]}<\/script>\n<!-- \/ Yoast SEO plugin. -->","yoast_head_json":{"title":"El nacimiento de la vIA Europea - CIDAI","robots":{"index":"index","follow":"follow","max-snippet":"max-snippet:-1","max-image-preview":"max-image-preview:large","max-video-preview":"max-video-preview:-1"},"canonical":"https:\/\/cidai.eu\/es\/el-nacimiento-de-la-via-europea\/","og_locale":"es_ES","og_type":"article","og_title":"El nacimiento de la vIA Europea - CIDAI","og_description":"La Inteligencia Artificial (IA) se ha convertido en una pol\u00edtica de estado. Estados Unidos priorizan los principios del capital, dejando en manos privadas todas las [...]","og_url":"https:\/\/cidai.eu\/es\/el-nacimiento-de-la-via-europea\/","og_site_name":"CIDAI","article_published_time":"2022-11-03T13:43:43+00:00","article_modified_time":"2025-12-01T16:51:15+00:00","og_image":[{"width":300,"height":300,"url":"https:\/\/cidai.eu\/wp-content\/uploads\/2025\/03\/Foto-Dario-editada-300x300-1.jpg","type":"image\/jpeg"}],"author":"Luc\u00eda Arevalo","twitter_card":"summary_large_image","twitter_creator":"@cidai_eu","twitter_site":"@cidai_eu","twitter_misc":{"Escrito por":"Luc\u00eda Arevalo","Tiempo de lectura":"5 minutos"},"schema":{"@context":"https:\/\/schema.org","@graph":[{"@type":"Article","@id":"https:\/\/cidai.eu\/es\/el-nacimiento-de-la-via-europea\/#article","isPartOf":{"@id":"https:\/\/cidai.eu\/es\/el-nacimiento-de-la-via-europea\/"},"author":{"name":"Luc\u00eda Arevalo","@id":"https:\/\/cidai.eu\/#\/schema\/person\/cc9e051bdfb310f1cf7fad956c5d379f"},"headline":"El nacimiento de la vIA Europea","datePublished":"2022-11-03T13:43:43+00:00","dateModified":"2025-12-01T16:51:15+00:00","mainEntityOfPage":{"@id":"https:\/\/cidai.eu\/es\/el-nacimiento-de-la-via-europea\/"},"wordCount":1056,"publisher":{"@id":"https:\/\/cidai.eu\/#organization"},"image":{"@id":"https:\/\/cidai.eu\/es\/el-nacimiento-de-la-via-europea\/#primaryimage"},"thumbnailUrl":"https:\/\/cidai.eu\/wp-content\/uploads\/2025\/03\/Foto-Dario-editada-300x300-1.jpg","articleSection":["Blog"],"inLanguage":"es"},{"@type":"WebPage","@id":"https:\/\/cidai.eu\/es\/el-nacimiento-de-la-via-europea\/","url":"https:\/\/cidai.eu\/es\/el-nacimiento-de-la-via-europea\/","name":"El nacimiento de la vIA Europea - CIDAI","isPartOf":{"@id":"https:\/\/cidai.eu\/#website"},"primaryImageOfPage":{"@id":"https:\/\/cidai.eu\/es\/el-nacimiento-de-la-via-europea\/#primaryimage"},"image":{"@id":"https:\/\/cidai.eu\/es\/el-nacimiento-de-la-via-europea\/#primaryimage"},"thumbnailUrl":"https:\/\/cidai.eu\/wp-content\/uploads\/2025\/03\/Foto-Dario-editada-300x300-1.jpg","datePublished":"2022-11-03T13:43:43+00:00","dateModified":"2025-12-01T16:51:15+00:00","breadcrumb":{"@id":"https:\/\/cidai.eu\/es\/el-nacimiento-de-la-via-europea\/#breadcrumb"},"inLanguage":"es","potentialAction":[{"@type":"ReadAction","target":["https:\/\/cidai.eu\/es\/el-nacimiento-de-la-via-europea\/"]}]},{"@type":"ImageObject","inLanguage":"es","@id":"https:\/\/cidai.eu\/es\/el-nacimiento-de-la-via-europea\/#primaryimage","url":"https:\/\/cidai.eu\/wp-content\/uploads\/2025\/03\/Foto-Dario-editada-300x300-1.jpg","contentUrl":"https:\/\/cidai.eu\/wp-content\/uploads\/2025\/03\/Foto-Dario-editada-300x300-1.jpg","width":300,"height":300,"caption":"Dario Gasulla"},{"@type":"BreadcrumbList","@id":"https:\/\/cidai.eu\/es\/el-nacimiento-de-la-via-europea\/#breadcrumb","itemListElement":[{"@type":"ListItem","position":1,"name":"Inicio","item":"https:\/\/cidai.eu\/"},{"@type":"ListItem","position":2,"name":"El nacimiento de la vIA Europea"}]},{"@type":"WebSite","@id":"https:\/\/cidai.eu\/#website","url":"https:\/\/cidai.eu\/","name":"CIDAI","description":"el Centre d\u2019Innovaci\u00f3 en IA i Tecnologies de Dades","publisher":{"@id":"https:\/\/cidai.eu\/#organization"},"potentialAction":[{"@type":"SearchAction","target":{"@type":"EntryPoint","urlTemplate":"https:\/\/cidai.eu\/?s={search_term_string}"},"query-input":{"@type":"PropertyValueSpecification","valueRequired":true,"valueName":"search_term_string"}}],"inLanguage":"es"},{"@type":"Organization","@id":"https:\/\/cidai.eu\/#organization","name":"CIDAI","url":"https:\/\/cidai.eu\/","logo":{"@type":"ImageObject","inLanguage":"es","@id":"https:\/\/cidai.eu\/#\/schema\/logo\/image\/","url":"https:\/\/cidai.eu\/wp-content\/uploads\/2025\/02\/CIDAI-header.png","contentUrl":"https:\/\/cidai.eu\/wp-content\/uploads\/2025\/02\/CIDAI-header.png","width":385,"height":78,"caption":"CIDAI"},"image":{"@id":"https:\/\/cidai.eu\/#\/schema\/logo\/image\/"},"sameAs":["https:\/\/x.com\/cidai_eu","https:\/\/www.linkedin.com\/company\/cidai\/posts\/?feedView=all"]},{"@type":"Person","@id":"https:\/\/cidai.eu\/#\/schema\/person\/cc9e051bdfb310f1cf7fad956c5d379f","name":"Luc\u00eda Arevalo","image":{"@type":"ImageObject","inLanguage":"es","@id":"https:\/\/secure.gravatar.com\/avatar\/6a90209dd4f25228e1781351558cd6349cfc877f702ab3a33e6437fbba0dc7b6?s=96&d=mm&r=g","url":"https:\/\/secure.gravatar.com\/avatar\/6a90209dd4f25228e1781351558cd6349cfc877f702ab3a33e6437fbba0dc7b6?s=96&d=mm&r=g","contentUrl":"https:\/\/secure.gravatar.com\/avatar\/6a90209dd4f25228e1781351558cd6349cfc877f702ab3a33e6437fbba0dc7b6?s=96&d=mm&r=g","caption":"Luc\u00eda Arevalo"}}]}},"_links":{"self":[{"href":"https:\/\/cidai.eu\/es\/wp-json\/wp\/v2\/posts\/5779","targetHints":{"allow":["GET"]}}],"collection":[{"href":"https:\/\/cidai.eu\/es\/wp-json\/wp\/v2\/posts"}],"about":[{"href":"https:\/\/cidai.eu\/es\/wp-json\/wp\/v2\/types\/post"}],"author":[{"embeddable":true,"href":"https:\/\/cidai.eu\/es\/wp-json\/wp\/v2\/users\/3"}],"replies":[{"embeddable":true,"href":"https:\/\/cidai.eu\/es\/wp-json\/wp\/v2\/comments?post=5779"}],"version-history":[{"count":2,"href":"https:\/\/cidai.eu\/es\/wp-json\/wp\/v2\/posts\/5779\/revisions"}],"predecessor-version":[{"id":9223,"href":"https:\/\/cidai.eu\/es\/wp-json\/wp\/v2\/posts\/5779\/revisions\/9223"}],"wp:featuredmedia":[{"embeddable":true,"href":"https:\/\/cidai.eu\/es\/wp-json\/wp\/v2\/media\/5273"}],"wp:attachment":[{"href":"https:\/\/cidai.eu\/es\/wp-json\/wp\/v2\/media?parent=5779"}],"wp:term":[{"taxonomy":"category","embeddable":true,"href":"https:\/\/cidai.eu\/es\/wp-json\/wp\/v2\/categories?post=5779"},{"taxonomy":"post_tag","embeddable":true,"href":"https:\/\/cidai.eu\/es\/wp-json\/wp\/v2\/tags?post=5779"}],"curies":[{"name":"wp","href":"https:\/\/api.w.org\/{rel}","templated":true}]}}