{"id":5685,"date":"2024-03-13T12:15:30","date_gmt":"2024-03-13T11:15:30","guid":{"rendered":"https:\/\/web.cidai.eu\/el-emprendimiento-en-ia-en-cataluna\/"},"modified":"2025-12-01T17:51:05","modified_gmt":"2025-12-01T16:51:05","slug":"el-emprendimiento-en-ia-en-cataluna","status":"publish","type":"post","link":"https:\/\/cidai.eu\/es\/el-emprendimiento-en-ia-en-cataluna\/","title":{"rendered":"El emprendimiento en IA en Catalu\u00f1a"},"content":{"rendered":"<p>Datos del \u00faltimo informe \u201cGlobal Entrepreneuship Monitor; GEM\u201d 2022-2023<a href=\"#_ftn1\" name=\"_ftnref1\">[1]<\/a> indican que Catalu\u00f1a sigue liderando la actividad emprendedora en Espa\u00f1a con una TEA del 6,9%. Es decir, 337.031 personas de 18 a 64 a\u00f1os est\u00e1n involucradas en actividades emprendedoras de 0 a 3,5 a\u00f1os.<\/p>\n<p>La TEA es un indicador que permite cuantificar la intensidad emprendedora de un pa\u00eds, siendo un buen indicador de la din\u00e1mica empresarial del territorio.<\/p>\n<p>Catalu\u00f1a se mantiene como la comunidad aut\u00f3noma con la tasa m\u00e1s alta, con una TEA 0,9 puntos superior a la espa\u00f1ola (6,0%), pero, sin embargo, se sit\u00faa 2,3 puntos por debajo de la media europea (9,2%).<\/p>\n<p>En los \u00faltimos a\u00f1os, el ecosistema catal\u00e1n de startups ha experimentado un aumento en el n\u00famero de empresas emergentes del 75% desde 2016<a href=\"#_ftn2\" name=\"_ftnref2\">[2]<\/a>, consolid\u00e1ndose como el <strong>primer hub de startups del sur de Europa<\/strong>; hecho que ayuda a posicionar a Catalu\u00f1a como un pa\u00eds referente en innovaci\u00f3n al servicio de la transformaci\u00f3n tecnol\u00f3gica y verde\u201d.<\/p>\n<p>La creaci\u00f3n de nuevos puestos de trabajo en los \u00faltimos a\u00f1os indica que las empresas emergentes catalanas emplean a 19.300 personas.<\/p>\n<p>Por otro lado, destaca que el 76% de los emprendedores en fase inicial tienen estudios de grado o de posgrado, 17 puntos porcentuales m\u00e1s que en 2021 (59%). El nivel de estudios tiene un valor importante como se\u00f1al de habilidad productiva y acierto en la toma de decisiones.<\/p>\n<p>Las investigaciones se\u00f1alan que el capital humano emprendedor y el nivel de educaci\u00f3n formal determinan, en gran medida, la capacidad de identificar oportunidades de negocio, el grado de acierto al tomar la decisi\u00f3n de crear una empresa propia, orientarla a la innovaci\u00f3n y al crecimiento, y la implementaci\u00f3n de la estrategia escogida.<\/p>\n<p>En Catalu\u00f1a, existe una clara orientaci\u00f3n innovadora, el 47% de las empresas trabajan con tecnolog\u00edas vinculadas al deep tech, basadas en un descubrimiento cient\u00edfico o una innovaci\u00f3n en ingenier\u00eda. Por tecnolog\u00edas, se destaca el uso por parte de las <strong>startups catalanas de la inteligencia artificial y el big data (36% del total)<\/strong>, por delante de tecnolog\u00edas cloud y edge computing (14%), la automatizaci\u00f3n (10%), el internet de las cosas y los sensores (9%), la conectividad (4%), la realidad aumentada y virtual (4%), la bioingenier\u00eda (3%) y el blockchain (3%).<\/p>\n<p>De la misma forma, el 46% de las empresas emergentes catalanas tiene alguna patente o sistema de protecci\u00f3n de su conocimiento, como un modelo de utilidad o secreto industrial.<\/p>\n<p>As\u00ed pues, se corrobora que el stock de conocimiento cient\u00edfico es decisivo y los mecanismos de traslaci\u00f3n de este conocimiento al mercado son determinantes para generar innovaci\u00f3n tecnol\u00f3gica y empresarial.<\/p>\n<p>Teniendo en cuenta estas fortalezas del territorio, resulta un reto incrementar el tejido empresarial para ser m\u00e1s competitivo impulsando el emprendimiento de base tecnol\u00f3gica.<\/p>\n<p>Centr\u00e1ndonos en el campo de la inteligencia artificial, Catalu\u00f1a dispone desde el pasado 2019 de una estrategia de inteligencia artificial de Catalu\u00f1a (<strong>Catalonia.ai<\/strong><a href=\"#_ftn3\" name=\"_ftnref3\">[3]<\/a>), con la misi\u00f3n de posicionar al pa\u00eds en una situaci\u00f3n privilegiada para liderar el desarrollo y la adopci\u00f3n de esta tecnolog\u00eda en el sur de Europa y para posicionarlo como un polo tecnol\u00f3gico mundial en esta disciplina.<\/p>\n<p>La estrategia centra parte de su actuaci\u00f3n en la transferencia de conocimiento mediante los mecanismos pull y push, a trav\u00e9s de <strong>CIDAI<\/strong><a href=\"#_ftn4\" name=\"_ftnref4\">[4]<\/a> y <strong>DCA-IA<\/strong><a href=\"#_ftn5\" name=\"_ftnref5\">[5]<\/a> y con el refuerzo de la Red de transferencia (<strong>Red RDI-IA<\/strong><a href=\"#_ftn6\" name=\"_ftnref6\">[6]<\/a>) para empujar, entre otras, actividades de fomento del emprendimiento cient\u00edfico.<\/p>\n<p>Esto ha permitido centrar sus esfuerzos en validar la necesidad de crear un Programa de validaci\u00f3n de nuevas ideas de negocio basadas en tecnolog\u00edas de inteligencia artificial.<\/p>\n<p>Programas de ideaci\u00f3n como <strong>AI4ALL<\/strong><a href=\"#_ftn7\" name=\"_ftnref7\">[7]<\/a> han servido de base para desarrollar un primer programa piloto de emprendimiento (<strong>AIACCELERATOR<\/strong>) intensivo y orientado principalmente a negocio, para identificar a los consumidores de diferentes ideas tecnol\u00f3gicas y tratar temas legales y de financiaci\u00f3n para levantar capital de fondos de inversi\u00f3n privados. Todo ello con el apoyo de mentores del ecosistema, emprendedores tecnol\u00f3gicos en serie.<\/p>\n<p>Este primer piloto ha terminado con la presentaci\u00f3n de los proyectos en el marco del 4YFN de la mano del Director General de Innovaci\u00f3n, Econom\u00eda Digital y Emprendimiento del Gobierno, SR. Llu\u00eds Junc\u00e0 y delante de un jurado experto en emprendimiento e inversi\u00f3n en primeros estadios.<\/p>\n<p>El \u00e9xito de este piloto ha permitido sentar las bases para la creaci\u00f3n de lo que ser\u00e1 el primer programa de emprendedur\u00eda de base tecnol\u00f3gica especializado en inteligencia artificial.<a href=\"#_ftnref1\" name=\"_ftn1\"><\/a><\/p>\n<p><img fetchpriority=\"high\" decoding=\"async\" class=\"aligncenter wp-image-630269 size-large\" src=\"https:\/\/cidai.eu\/wp-content\/uploads\/2025\/03\/Imagen1-1024x682-1.jpg\" alt=\"\" width=\"1024\" height=\"682\"><\/p>\n<h3>Referencias<\/h3>\n<p><a href=\"#_ftnref1\" name=\"_ftn1\">[1]<\/a> <a href=\"https:\/\/www.institutmetropoli.cat\/wp-content\/uploads\/2023\/10\/Informe_GEM_2022-23_cat.pdf\">https:\/\/www.institutmetropoli.cat\/wp-content\/uploads\/2023\/10\/Informe_GEM_2022-23_cat.pdf<\/a>  <a href=\"#_ftnref2\" name=\"_ftn2\">[2]<\/a> <a href=\"https:\/\/govern.cat\/salapremsa\/notes-premsa\/418126\/catalunya-compta-1900-startups-2021-11-percent-mes-que-any-anterior\">https:\/\/govern.cat\/salapremsa\/notes-premsa\/418126\/catalunya-compta-1900-startups-2021-11-percent-mes-que-any-anterior<\/a>  <a href=\"#_ftnref3\" name=\"_ftn3\">[3]<\/a> <a href=\"https:\/\/participa.gencat.cat\/uploads\/decidim\/attachment\/file\/818\/Document-Bases-Estrategia-IA-Catalunya.pdf\">https:\/\/participa.gencat.cat\/uploads\/decidim\/attachment\/file\/818\/Document-Bases-Estrategia-IA-Catalunya.pdf<\/a>  <a href=\"#_ftnref4\" name=\"_ftn4\">[4]<\/a> <a href=\"https:\/\/cidai.eu\/es\/\">https:\/\/cidai.eu\/es\/<\/a>  <a href=\"#_ftnref5\" name=\"_ftn5\">[5]<\/a> <a href=\"https:\/\/dca.cat\/ca\/dca-ia\/\">https:\/\/dca.cat\/ca\/dca-ia\/<\/a>  <a href=\"#_ftnref6\" name=\"_ftn6\">[6]<\/a> <a href=\"https:\/\/xarxardi-ia.cat\/\">https:\/\/xarxardi-ia.cat\/<\/a>  <a href=\"#_ftnref7\" name=\"_ftn7\">[7]<\/a> <a href=\"https:\/\/www.ai4all.cat\/\">https:\/\/www.ai4all.cat\/<\/a><\/p>\n","protected":false},"excerpt":{"rendered":"<p>Datos del \u00faltimo informe \u201cGlobal Entrepreneuship Monitor; GEM\u201d 2022-2023[1] indican que Catalu\u00f1a sigue liderando la actividad emprendedora en Espa\u00f1a con una TEA del 6,9%. Es [&#8230;]<\/p>\n","protected":false},"author":3,"featured_media":0,"comment_status":"closed","ping_status":"closed","sticky":false,"template":"","format":"standard","meta":{"_acf_changed":false,"footnotes":""},"categories":[75],"tags":[],"class_list":["post-5685","post","type-post","status-publish","format-standard","hentry","category-blog-es"],"acf":[],"yoast_head":"<!-- This site is optimized with the Yoast SEO plugin v28.4 - https:\/\/yoast.com\/product\/yoast-seo-wordpress\/ -->\n<title>El emprendimiento en IA en Catalu\u00f1a - CIDAI<\/title>\n<meta name=\"robots\" content=\"index, follow, max-snippet:-1, max-image-preview:large, max-video-preview:-1\" \/>\n<link rel=\"canonical\" href=\"https:\/\/cidai.eu\/es\/el-emprendimiento-en-ia-en-cataluna\/\" \/>\n<meta property=\"og:locale\" content=\"es_ES\" \/>\n<meta property=\"og:type\" content=\"article\" \/>\n<meta property=\"og:title\" content=\"El emprendimiento en IA en Catalu\u00f1a - CIDAI\" \/>\n<meta property=\"og:description\" content=\"Datos del \u00faltimo informe \u201cGlobal Entrepreneuship Monitor; GEM\u201d 2022-2023[1] indican que Catalu\u00f1a sigue liderando la actividad emprendedora en Espa\u00f1a con una TEA del 6,9%. Es [...]\" \/>\n<meta property=\"og:url\" content=\"https:\/\/cidai.eu\/es\/el-emprendimiento-en-ia-en-cataluna\/\" \/>\n<meta property=\"og:site_name\" content=\"CIDAI\" \/>\n<meta property=\"article:published_time\" content=\"2024-03-13T11:15:30+00:00\" \/>\n<meta property=\"article:modified_time\" content=\"2025-12-01T16:51:05+00:00\" \/>\n<meta property=\"og:image\" content=\"https:\/\/cidai.eu\/wp-content\/uploads\/2025\/02\/CIDAI-header.png\" \/>\n\t<meta property=\"og:image:width\" content=\"385\" \/>\n\t<meta property=\"og:image:height\" content=\"78\" \/>\n\t<meta property=\"og:image:type\" content=\"image\/png\" \/>\n<meta name=\"author\" content=\"Luc\u00eda Arevalo\" \/>\n<meta name=\"twitter:card\" content=\"summary_large_image\" \/>\n<meta name=\"twitter:creator\" content=\"@cidai_eu\" \/>\n<meta name=\"twitter:site\" content=\"@cidai_eu\" \/>\n<meta name=\"twitter:label1\" content=\"Escrito por\" \/>\n\t<meta name=\"twitter:data1\" content=\"Luc\u00eda Arevalo\" \/>\n\t<meta name=\"twitter:label2\" content=\"Tiempo de lectura\" \/>\n\t<meta name=\"twitter:data2\" content=\"4 minutos\" \/>\n<script type=\"application\/ld+json\" class=\"yoast-schema-graph\">{\"@context\":\"https:\\\/\\\/schema.org\",\"@graph\":[{\"@type\":\"Article\",\"@id\":\"https:\\\/\\\/cidai.eu\\\/es\\\/el-emprendimiento-en-ia-en-cataluna\\\/#article\",\"isPartOf\":{\"@id\":\"https:\\\/\\\/cidai.eu\\\/es\\\/el-emprendimiento-en-ia-en-cataluna\\\/\"},\"author\":{\"name\":\"Luc\u00eda Arevalo\",\"@id\":\"https:\\\/\\\/cidai.eu\\\/#\\\/schema\\\/person\\\/cc9e051bdfb310f1cf7fad956c5d379f\"},\"headline\":\"El emprendimiento en IA en Catalu\u00f1a\",\"datePublished\":\"2024-03-13T11:15:30+00:00\",\"dateModified\":\"2025-12-01T16:51:05+00:00\",\"mainEntityOfPage\":{\"@id\":\"https:\\\/\\\/cidai.eu\\\/es\\\/el-emprendimiento-en-ia-en-cataluna\\\/\"},\"wordCount\":822,\"publisher\":{\"@id\":\"https:\\\/\\\/cidai.eu\\\/#organization\"},\"image\":{\"@id\":\"https:\\\/\\\/cidai.eu\\\/es\\\/el-emprendimiento-en-ia-en-cataluna\\\/#primaryimage\"},\"thumbnailUrl\":\"https:\\\/\\\/cidai.eu\\\/wp-content\\\/uploads\\\/2025\\\/03\\\/Imagen1-1024x682-1.jpg\",\"articleSection\":[\"Blog\"],\"inLanguage\":\"es\"},{\"@type\":\"WebPage\",\"@id\":\"https:\\\/\\\/cidai.eu\\\/es\\\/el-emprendimiento-en-ia-en-cataluna\\\/\",\"url\":\"https:\\\/\\\/cidai.eu\\\/es\\\/el-emprendimiento-en-ia-en-cataluna\\\/\",\"name\":\"El emprendimiento en IA en Catalu\u00f1a - CIDAI\",\"isPartOf\":{\"@id\":\"https:\\\/\\\/cidai.eu\\\/#website\"},\"primaryImageOfPage\":{\"@id\":\"https:\\\/\\\/cidai.eu\\\/es\\\/el-emprendimiento-en-ia-en-cataluna\\\/#primaryimage\"},\"image\":{\"@id\":\"https:\\\/\\\/cidai.eu\\\/es\\\/el-emprendimiento-en-ia-en-cataluna\\\/#primaryimage\"},\"thumbnailUrl\":\"https:\\\/\\\/cidai.eu\\\/wp-content\\\/uploads\\\/2025\\\/03\\\/Imagen1-1024x682-1.jpg\",\"datePublished\":\"2024-03-13T11:15:30+00:00\",\"dateModified\":\"2025-12-01T16:51:05+00:00\",\"breadcrumb\":{\"@id\":\"https:\\\/\\\/cidai.eu\\\/es\\\/el-emprendimiento-en-ia-en-cataluna\\\/#breadcrumb\"},\"inLanguage\":\"es\",\"potentialAction\":[{\"@type\":\"ReadAction\",\"target\":[\"https:\\\/\\\/cidai.eu\\\/es\\\/el-emprendimiento-en-ia-en-cataluna\\\/\"]}]},{\"@type\":\"ImageObject\",\"inLanguage\":\"es\",\"@id\":\"https:\\\/\\\/cidai.eu\\\/es\\\/el-emprendimiento-en-ia-en-cataluna\\\/#primaryimage\",\"url\":\"https:\\\/\\\/cidai.eu\\\/wp-content\\\/uploads\\\/2025\\\/03\\\/Imagen1-1024x682-1.jpg\",\"contentUrl\":\"https:\\\/\\\/cidai.eu\\\/wp-content\\\/uploads\\\/2025\\\/03\\\/Imagen1-1024x682-1.jpg\"},{\"@type\":\"BreadcrumbList\",\"@id\":\"https:\\\/\\\/cidai.eu\\\/es\\\/el-emprendimiento-en-ia-en-cataluna\\\/#breadcrumb\",\"itemListElement\":[{\"@type\":\"ListItem\",\"position\":1,\"name\":\"Inicio\",\"item\":\"https:\\\/\\\/cidai.eu\\\/\"},{\"@type\":\"ListItem\",\"position\":2,\"name\":\"El emprendimiento en IA en Catalu\u00f1a\"}]},{\"@type\":\"WebSite\",\"@id\":\"https:\\\/\\\/cidai.eu\\\/#website\",\"url\":\"https:\\\/\\\/cidai.eu\\\/\",\"name\":\"CIDAI\",\"description\":\"el Centre d\u2019Innovaci\u00f3 en IA i Tecnologies de Dades\",\"publisher\":{\"@id\":\"https:\\\/\\\/cidai.eu\\\/#organization\"},\"potentialAction\":[{\"@type\":\"SearchAction\",\"target\":{\"@type\":\"EntryPoint\",\"urlTemplate\":\"https:\\\/\\\/cidai.eu\\\/?s={search_term_string}\"},\"query-input\":{\"@type\":\"PropertyValueSpecification\",\"valueRequired\":true,\"valueName\":\"search_term_string\"}}],\"inLanguage\":\"es\"},{\"@type\":\"Organization\",\"@id\":\"https:\\\/\\\/cidai.eu\\\/#organization\",\"name\":\"CIDAI\",\"url\":\"https:\\\/\\\/cidai.eu\\\/\",\"logo\":{\"@type\":\"ImageObject\",\"inLanguage\":\"es\",\"@id\":\"https:\\\/\\\/cidai.eu\\\/#\\\/schema\\\/logo\\\/image\\\/\",\"url\":\"https:\\\/\\\/cidai.eu\\\/wp-content\\\/uploads\\\/2025\\\/02\\\/CIDAI-header.png\",\"contentUrl\":\"https:\\\/\\\/cidai.eu\\\/wp-content\\\/uploads\\\/2025\\\/02\\\/CIDAI-header.png\",\"width\":385,\"height\":78,\"caption\":\"CIDAI\"},\"image\":{\"@id\":\"https:\\\/\\\/cidai.eu\\\/#\\\/schema\\\/logo\\\/image\\\/\"},\"sameAs\":[\"https:\\\/\\\/x.com\\\/cidai_eu\",\"https:\\\/\\\/www.linkedin.com\\\/company\\\/cidai\\\/posts\\\/?feedView=all\"]},{\"@type\":\"Person\",\"@id\":\"https:\\\/\\\/cidai.eu\\\/#\\\/schema\\\/person\\\/cc9e051bdfb310f1cf7fad956c5d379f\",\"name\":\"Luc\u00eda Arevalo\",\"image\":{\"@type\":\"ImageObject\",\"inLanguage\":\"es\",\"@id\":\"https:\\\/\\\/secure.gravatar.com\\\/avatar\\\/6a90209dd4f25228e1781351558cd6349cfc877f702ab3a33e6437fbba0dc7b6?s=96&d=mm&r=g\",\"url\":\"https:\\\/\\\/secure.gravatar.com\\\/avatar\\\/6a90209dd4f25228e1781351558cd6349cfc877f702ab3a33e6437fbba0dc7b6?s=96&d=mm&r=g\",\"contentUrl\":\"https:\\\/\\\/secure.gravatar.com\\\/avatar\\\/6a90209dd4f25228e1781351558cd6349cfc877f702ab3a33e6437fbba0dc7b6?s=96&d=mm&r=g\",\"caption\":\"Luc\u00eda Arevalo\"}}]}<\/script>\n<!-- \/ Yoast SEO plugin. -->","yoast_head_json":{"title":"El emprendimiento en IA en Catalu\u00f1a - CIDAI","robots":{"index":"index","follow":"follow","max-snippet":"max-snippet:-1","max-image-preview":"max-image-preview:large","max-video-preview":"max-video-preview:-1"},"canonical":"https:\/\/cidai.eu\/es\/el-emprendimiento-en-ia-en-cataluna\/","og_locale":"es_ES","og_type":"article","og_title":"El emprendimiento en IA en Catalu\u00f1a - CIDAI","og_description":"Datos del \u00faltimo informe \u201cGlobal Entrepreneuship Monitor; GEM\u201d 2022-2023[1] indican que Catalu\u00f1a sigue liderando la actividad emprendedora en Espa\u00f1a con una TEA del 6,9%. Es [...]","og_url":"https:\/\/cidai.eu\/es\/el-emprendimiento-en-ia-en-cataluna\/","og_site_name":"CIDAI","article_published_time":"2024-03-13T11:15:30+00:00","article_modified_time":"2025-12-01T16:51:05+00:00","og_image":[{"width":385,"height":78,"url":"https:\/\/cidai.eu\/wp-content\/uploads\/2025\/02\/CIDAI-header.png","type":"image\/png"}],"author":"Luc\u00eda Arevalo","twitter_card":"summary_large_image","twitter_creator":"@cidai_eu","twitter_site":"@cidai_eu","twitter_misc":{"Escrito por":"Luc\u00eda Arevalo","Tiempo de lectura":"4 minutos"},"schema":{"@context":"https:\/\/schema.org","@graph":[{"@type":"Article","@id":"https:\/\/cidai.eu\/es\/el-emprendimiento-en-ia-en-cataluna\/#article","isPartOf":{"@id":"https:\/\/cidai.eu\/es\/el-emprendimiento-en-ia-en-cataluna\/"},"author":{"name":"Luc\u00eda Arevalo","@id":"https:\/\/cidai.eu\/#\/schema\/person\/cc9e051bdfb310f1cf7fad956c5d379f"},"headline":"El emprendimiento en IA en Catalu\u00f1a","datePublished":"2024-03-13T11:15:30+00:00","dateModified":"2025-12-01T16:51:05+00:00","mainEntityOfPage":{"@id":"https:\/\/cidai.eu\/es\/el-emprendimiento-en-ia-en-cataluna\/"},"wordCount":822,"publisher":{"@id":"https:\/\/cidai.eu\/#organization"},"image":{"@id":"https:\/\/cidai.eu\/es\/el-emprendimiento-en-ia-en-cataluna\/#primaryimage"},"thumbnailUrl":"https:\/\/cidai.eu\/wp-content\/uploads\/2025\/03\/Imagen1-1024x682-1.jpg","articleSection":["Blog"],"inLanguage":"es"},{"@type":"WebPage","@id":"https:\/\/cidai.eu\/es\/el-emprendimiento-en-ia-en-cataluna\/","url":"https:\/\/cidai.eu\/es\/el-emprendimiento-en-ia-en-cataluna\/","name":"El emprendimiento en IA en Catalu\u00f1a - CIDAI","isPartOf":{"@id":"https:\/\/cidai.eu\/#website"},"primaryImageOfPage":{"@id":"https:\/\/cidai.eu\/es\/el-emprendimiento-en-ia-en-cataluna\/#primaryimage"},"image":{"@id":"https:\/\/cidai.eu\/es\/el-emprendimiento-en-ia-en-cataluna\/#primaryimage"},"thumbnailUrl":"https:\/\/cidai.eu\/wp-content\/uploads\/2025\/03\/Imagen1-1024x682-1.jpg","datePublished":"2024-03-13T11:15:30+00:00","dateModified":"2025-12-01T16:51:05+00:00","breadcrumb":{"@id":"https:\/\/cidai.eu\/es\/el-emprendimiento-en-ia-en-cataluna\/#breadcrumb"},"inLanguage":"es","potentialAction":[{"@type":"ReadAction","target":["https:\/\/cidai.eu\/es\/el-emprendimiento-en-ia-en-cataluna\/"]}]},{"@type":"ImageObject","inLanguage":"es","@id":"https:\/\/cidai.eu\/es\/el-emprendimiento-en-ia-en-cataluna\/#primaryimage","url":"https:\/\/cidai.eu\/wp-content\/uploads\/2025\/03\/Imagen1-1024x682-1.jpg","contentUrl":"https:\/\/cidai.eu\/wp-content\/uploads\/2025\/03\/Imagen1-1024x682-1.jpg"},{"@type":"BreadcrumbList","@id":"https:\/\/cidai.eu\/es\/el-emprendimiento-en-ia-en-cataluna\/#breadcrumb","itemListElement":[{"@type":"ListItem","position":1,"name":"Inicio","item":"https:\/\/cidai.eu\/"},{"@type":"ListItem","position":2,"name":"El emprendimiento en IA en Catalu\u00f1a"}]},{"@type":"WebSite","@id":"https:\/\/cidai.eu\/#website","url":"https:\/\/cidai.eu\/","name":"CIDAI","description":"el Centre d\u2019Innovaci\u00f3 en IA i Tecnologies de Dades","publisher":{"@id":"https:\/\/cidai.eu\/#organization"},"potentialAction":[{"@type":"SearchAction","target":{"@type":"EntryPoint","urlTemplate":"https:\/\/cidai.eu\/?s={search_term_string}"},"query-input":{"@type":"PropertyValueSpecification","valueRequired":true,"valueName":"search_term_string"}}],"inLanguage":"es"},{"@type":"Organization","@id":"https:\/\/cidai.eu\/#organization","name":"CIDAI","url":"https:\/\/cidai.eu\/","logo":{"@type":"ImageObject","inLanguage":"es","@id":"https:\/\/cidai.eu\/#\/schema\/logo\/image\/","url":"https:\/\/cidai.eu\/wp-content\/uploads\/2025\/02\/CIDAI-header.png","contentUrl":"https:\/\/cidai.eu\/wp-content\/uploads\/2025\/02\/CIDAI-header.png","width":385,"height":78,"caption":"CIDAI"},"image":{"@id":"https:\/\/cidai.eu\/#\/schema\/logo\/image\/"},"sameAs":["https:\/\/x.com\/cidai_eu","https:\/\/www.linkedin.com\/company\/cidai\/posts\/?feedView=all"]},{"@type":"Person","@id":"https:\/\/cidai.eu\/#\/schema\/person\/cc9e051bdfb310f1cf7fad956c5d379f","name":"Luc\u00eda Arevalo","image":{"@type":"ImageObject","inLanguage":"es","@id":"https:\/\/secure.gravatar.com\/avatar\/6a90209dd4f25228e1781351558cd6349cfc877f702ab3a33e6437fbba0dc7b6?s=96&d=mm&r=g","url":"https:\/\/secure.gravatar.com\/avatar\/6a90209dd4f25228e1781351558cd6349cfc877f702ab3a33e6437fbba0dc7b6?s=96&d=mm&r=g","contentUrl":"https:\/\/secure.gravatar.com\/avatar\/6a90209dd4f25228e1781351558cd6349cfc877f702ab3a33e6437fbba0dc7b6?s=96&d=mm&r=g","caption":"Luc\u00eda Arevalo"}}]}},"_links":{"self":[{"href":"https:\/\/cidai.eu\/es\/wp-json\/wp\/v2\/posts\/5685","targetHints":{"allow":["GET"]}}],"collection":[{"href":"https:\/\/cidai.eu\/es\/wp-json\/wp\/v2\/posts"}],"about":[{"href":"https:\/\/cidai.eu\/es\/wp-json\/wp\/v2\/types\/post"}],"author":[{"embeddable":true,"href":"https:\/\/cidai.eu\/es\/wp-json\/wp\/v2\/users\/3"}],"replies":[{"embeddable":true,"href":"https:\/\/cidai.eu\/es\/wp-json\/wp\/v2\/comments?post=5685"}],"version-history":[{"count":2,"href":"https:\/\/cidai.eu\/es\/wp-json\/wp\/v2\/posts\/5685\/revisions"}],"predecessor-version":[{"id":9178,"href":"https:\/\/cidai.eu\/es\/wp-json\/wp\/v2\/posts\/5685\/revisions\/9178"}],"wp:attachment":[{"href":"https:\/\/cidai.eu\/es\/wp-json\/wp\/v2\/media?parent=5685"}],"wp:term":[{"taxonomy":"category","embeddable":true,"href":"https:\/\/cidai.eu\/es\/wp-json\/wp\/v2\/categories?post=5685"},{"taxonomy":"post_tag","embeddable":true,"href":"https:\/\/cidai.eu\/es\/wp-json\/wp\/v2\/tags?post=5685"}],"curies":[{"name":"wp","href":"https:\/\/api.w.org\/{rel}","templated":true}]}}