{"id":10086,"date":"2026-01-27T10:56:06","date_gmt":"2026-01-27T09:56:06","guid":{"rendered":"https:\/\/cidai.eu\/del-hype-tecnolgic-a-una-ia-tica-humana-i-estratgica-una-visi-des-del-cidai\/"},"modified":"2026-02-16T13:59:03","modified_gmt":"2026-02-16T12:59:03","slug":"del-hype-tecnolgic-a-una-ia-tica-humana-i-estratgica-una-visi-des-del-cidai","status":"publish","type":"post","link":"https:\/\/cidai.eu\/es\/del-hype-tecnolgic-a-una-ia-tica-humana-i-estratgica-una-visi-des-del-cidai\/","title":{"rendered":"Del hype tecnol\u00f3gico a una IA \u00e9tica, humana y estrat\u00e9gica: una visi\u00f3n desde el CIDAI"},"content":{"rendered":"<p>La inteligencia artificial ha entrado, de forma definitiva, en una fase de madurez. Despu\u00e9s de unos a\u00f1os marcados por el <strong><em>hype <\/em><\/strong>, por los <strong>grandes modelos <\/strong>y por una narrativa centrada casi exclusivamente en la <strong>potencia tecnol\u00f3gica <\/strong>, en 2025 se consolida como el a\u00f1o en que el foco se desplaza hacia cuestiones estructurales: la <strong>gobernanza <\/strong>, la <strong>responsabilidad <\/strong>, la <strong>estrategia <\/strong>, la <strong>sostenibilidad <\/strong>y el <strong>valor p\u00fablico <\/strong>.<\/p>\n<p>Los art\u00edculos publicados en el blog del CIDAI a lo largo de este a\u00f1o reflejan con claridad este <strong>cambio de paradigma <\/strong>, que tambi\u00e9n se ve confirmado por el gran n\u00famero de propuestas presentadas como casos de \u00e9xito en <a href=\"https:\/\/aicongress.barcelona\/\" target=\"_blank\" rel=\"noopener\">el AI Congress Barcelona <\/a>. En conjunto, estas contribuciones evidencian una evoluci\u00f3n clara del debate: <strong>la IA ya no se valora s\u00f3lo por lo que es capaz de hacer, sino por c\u00f3mo se integra de forma responsable en entornos reales <\/strong>.<\/p>\n<p>A partir de las actividades de divulgaci\u00f3n impulsadas por el CIDAI durante 2025, podemos concluir que el debate ya no puede quedarse en la fascinaci\u00f3n por las capacidades de los sistemas, sino que debe abordar c\u00f3mo estos sistemas se incorporan en procesos de decisi\u00f3n con <strong>impacto social y econ\u00f3mico <\/strong>. A continuaci\u00f3n se presenta un breve resumen y an\u00e1lisis de esta evoluci\u00f3n a lo largo del a\u00f1o.<\/p>\n<p>El despliegue de la IA en contextos reales pone en evidencia una verdad inc\u00f3moda pero inevitable: <strong>un modelo puede ser t\u00e9cnicamente excelente y, al mismo tiempo, inadecuado para la toma de decisiones <\/strong>. Adem\u00e1s, seg\u00fan el estudio del MIT: <a href=\"https:\/\/mlq.ai\/media\/quarterly_decks\/v0.1_State_of_AI_in_Business_2025_Report.pdf\" target=\"_blank\" rel=\"noopener\"><em>State of AI in Business 2025 <\/em><\/a>, el 95% de los pilotos de IA generativa est\u00e1n fallando en las compa\u00f1\u00edas. Debe tenerse en cuenta que este estudio se basa en empresas de Estados Unidos y que, en la mayor\u00eda de los casos, estos proyectos piloto basados en IA no tienen un impacto directo en las cuentas de resultados de las empresas analizadas.<\/p>\n<p>En entornos complejos, <strong>la confianza no se deriva \u00fanicamente de la precisi\u00f3n de los modelos <\/strong>, sino de la capacidad de interconectarlos con los procesos empresariales ya su vez explicar, justificar y contextualizar los resultados. Esta aproximaci\u00f3n es especialmente relevante en el marco europeo, donde la legitimidad de la tecnolog\u00eda est\u00e1 estrechamente vinculada a la transparencia y la rendici\u00f3n de cuentas.<\/p>\n<p>En definitiva, la IA s\u00f3lo puede escalar de forma sostenida si es percibida como una herramienta fiable y gobernable, y no como un artefacto opaco.<\/p>\n<p>Otro elemento central del debate de 2025 es la revisi\u00f3n de la utilidad de los grandes modelos de lenguaje, motores esenciales de la IA generativa. A pesar de los avances innegables que han aportado estas tecnolog\u00edas, los art\u00edculos del CIDAI ponen en valor modelos m\u00e1s peque\u00f1os, especializados, eficientes y adaptados a aplicaciones y contextos concretos. Ese giro no es s\u00f3lo t\u00e9cnico, sino profundamente estrat\u00e9gico. La <strong>sostenibilidad energ\u00e9tica <\/strong>, el <strong>control de los costes <\/strong>, la <strong>protecci\u00f3n de datos <\/strong>y la capacidad de desplegar <strong>soluciones propias <\/strong>se convierten en factores clave para la soberan\u00eda tecnol\u00f3gica. Iniciativas como las <a href=\"https:\/\/digital-strategy.ec.europa.eu\/en\/policies\/ai-factories\" target=\"_blank\" rel=\"noopener\"><strong>AI Factories <\/strong><\/a>o proyectos europeos como el <a href=\"https:\/\/dih4cat.cat\/\" target=\"_blank\" rel=\"noopener\"><strong>DIH4CAT <\/strong><\/a>responden precisamente a esta necesidad de dotar al tejido productivo de infraestructuras, conocimiento y capacidad de acci\u00f3n.<\/p>\n<p>Desde Catalu\u00f1a, <a href=\"https:\/\/politiquesdigitals.gencat.cat\/ca\/economia\/ia\/\">la <\/a><a href=\"https:\/\/politiquesdigitals.gencat.cat\/ca\/economia\/ia\/\" target=\"_blank\" rel=\"noopener\"><strong>Estrategia Catalu\u00f1a IA 2030 <\/strong><\/a>representa una apuesta clara por una <strong>IA arraigada en el territorio, conectada con la investigaci\u00f3n, orientada a las pymes y alineada con las pol\u00edticas p\u00fablicas <\/strong>. No se trata s\u00f3lo de adoptar tecnolog\u00eda, sino de <strong>construir capacidades, talento e innovaci\u00f3n <\/strong>en nuestro entorno.<\/p>\n<p>La cuesti\u00f3n de la delegaci\u00f3n de decisiones es probablemente una de las m\u00e1s maduras, as\u00ed como m\u00e1s delicadas, que aparecen en los art\u00edculos del CIDAI. En 2025 deja claro que la pregunta ya no es si vamos a delegar en la IA, sino hasta qu\u00e9 punto, en qu\u00e9 condiciones y con qu\u00e9 mecanismos de control.<\/p>\n<p>La explicabilidad se convierte en un requisito funcional, no en un simple a\u00f1adido \u00e9tico. <strong>Sin capacidad de interpretaci\u00f3n no existe supervisi\u00f3n efectiva, y sin supervisi\u00f3n no hay responsabilidad. <\/strong>En sistemas que intervienen en decisiones relevantes, el criterio humano no puede ser sustituido, sino que debe reforzarse con el uso de estas tecnolog\u00edas.<\/p>\n<p>Esto implica reconocer expl\u00edcitamente los l\u00edmites de los modelos, dise\u00f1ar procesos h\u00edbridos de decisi\u00f3n y asumir que el error, tanto humano como algor\u00edtmico, forma parte del sistema. La madurez tecnol\u00f3gica consiste, precisamente, en saber gestionar estos l\u00edmites de forma consciente y responsable.<\/p>\n<p>En 2025 no representa el final del camino, sino el inicio de una etapa m\u00e1s exigente. Una etapa en la que la IA deja de ser una promesa para convertirse en una infraestructura cr\u00edtica para la sociedad y la econom\u00eda. Es en este contexto que <strong>Catalu\u00f1a y Europa tienen la oportunidad y la responsabilidad de liderar un modelo de inteligencia artificial \u00e9tico, humano y estrat\u00e9gicamente s\u00f3lido <\/strong>, capaz de generar confianza, valor p\u00fablico y soberan\u00eda tecnol\u00f3gica.<\/p>\n","protected":false},"excerpt":{"rendered":"<p>En aquest context de creixement i evoluci\u00f3 dels models de llenguatge constant, \u00e9s important\u00a0 que considerem adoptar i adaptar petits models de llenguatge quan desenvolupem [&#8230;]<\/p>\n","protected":false},"author":13,"featured_media":0,"comment_status":"closed","ping_status":"closed","sticky":false,"template":"","format":"standard","meta":{"_acf_changed":false,"footnotes":""},"categories":[75],"tags":[],"class_list":["post-10086","post","type-post","status-publish","format-standard","hentry","category-blog-es"],"acf":[],"yoast_head":"<!-- This site is optimized with the Yoast SEO plugin v28.4 - https:\/\/yoast.com\/product\/yoast-seo-wordpress\/ -->\n<title>Del hype tecnol\u00f3gico a una IA \u00e9tica, humana y estrat\u00e9gica: una visi\u00f3n desde el CIDAI - CIDAI<\/title>\n<meta name=\"robots\" content=\"index, follow, max-snippet:-1, max-image-preview:large, max-video-preview:-1\" \/>\n<link rel=\"canonical\" href=\"https:\/\/cidai.eu\/es\/del-hype-tecnolgic-a-una-ia-tica-humana-i-estratgica-una-visi-des-del-cidai\/\" \/>\n<meta property=\"og:locale\" content=\"es_ES\" \/>\n<meta property=\"og:type\" content=\"article\" \/>\n<meta property=\"og:title\" content=\"Del hype tecnol\u00f3gico a una IA \u00e9tica, humana y estrat\u00e9gica: una visi\u00f3n desde el CIDAI - CIDAI\" \/>\n<meta property=\"og:description\" content=\"En aquest context de creixement i evoluci\u00f3 dels models de llenguatge constant, \u00e9s important\u00a0 que considerem adoptar i adaptar petits models de llenguatge quan desenvolupem [...]\" \/>\n<meta property=\"og:url\" content=\"https:\/\/cidai.eu\/es\/del-hype-tecnolgic-a-una-ia-tica-humana-i-estratgica-una-visi-des-del-cidai\/\" \/>\n<meta property=\"og:site_name\" content=\"CIDAI\" \/>\n<meta property=\"article:published_time\" content=\"2026-01-27T09:56:06+00:00\" \/>\n<meta property=\"article:modified_time\" content=\"2026-02-16T12:59:03+00:00\" \/>\n<meta property=\"og:image\" content=\"https:\/\/cidai.eu\/wp-content\/uploads\/2025\/02\/CIDAI-header.png\" \/>\n\t<meta property=\"og:image:width\" content=\"385\" \/>\n\t<meta property=\"og:image:height\" content=\"78\" \/>\n\t<meta property=\"og:image:type\" content=\"image\/png\" \/>\n<meta name=\"author\" content=\"marina.sanchez@eurecat.org\" \/>\n<meta name=\"twitter:card\" content=\"summary_large_image\" \/>\n<meta name=\"twitter:creator\" content=\"@cidai_eu\" \/>\n<meta name=\"twitter:site\" content=\"@cidai_eu\" \/>\n<meta name=\"twitter:label1\" content=\"Escrito por\" \/>\n\t<meta name=\"twitter:data1\" content=\"marina.sanchez@eurecat.org\" \/>\n\t<meta name=\"twitter:label2\" content=\"Tiempo de lectura\" \/>\n\t<meta name=\"twitter:data2\" content=\"5 minutos\" \/>\n<script type=\"application\/ld+json\" class=\"yoast-schema-graph\">{\"@context\":\"https:\\\/\\\/schema.org\",\"@graph\":[{\"@type\":\"Article\",\"@id\":\"https:\\\/\\\/cidai.eu\\\/es\\\/del-hype-tecnolgic-a-una-ia-tica-humana-i-estratgica-una-visi-des-del-cidai\\\/#article\",\"isPartOf\":{\"@id\":\"https:\\\/\\\/cidai.eu\\\/es\\\/del-hype-tecnolgic-a-una-ia-tica-humana-i-estratgica-una-visi-des-del-cidai\\\/\"},\"author\":{\"name\":\"marina.sanchez@eurecat.org\",\"@id\":\"https:\\\/\\\/cidai.eu\\\/#\\\/schema\\\/person\\\/71d01be8ee87d57ca495a60d7c77949e\"},\"headline\":\"Del hype tecnol\u00f3gico a una IA \u00e9tica, humana y estrat\u00e9gica: una visi\u00f3n desde el CIDAI\",\"datePublished\":\"2026-01-27T09:56:06+00:00\",\"dateModified\":\"2026-02-16T12:59:03+00:00\",\"mainEntityOfPage\":{\"@id\":\"https:\\\/\\\/cidai.eu\\\/es\\\/del-hype-tecnolgic-a-una-ia-tica-humana-i-estratgica-una-visi-des-del-cidai\\\/\"},\"wordCount\":876,\"publisher\":{\"@id\":\"https:\\\/\\\/cidai.eu\\\/#organization\"},\"articleSection\":[\"Blog\"],\"inLanguage\":\"es\"},{\"@type\":\"WebPage\",\"@id\":\"https:\\\/\\\/cidai.eu\\\/es\\\/del-hype-tecnolgic-a-una-ia-tica-humana-i-estratgica-una-visi-des-del-cidai\\\/\",\"url\":\"https:\\\/\\\/cidai.eu\\\/es\\\/del-hype-tecnolgic-a-una-ia-tica-humana-i-estratgica-una-visi-des-del-cidai\\\/\",\"name\":\"Del hype tecnol\u00f3gico a una IA \u00e9tica, humana y estrat\u00e9gica: una visi\u00f3n desde el CIDAI - CIDAI\",\"isPartOf\":{\"@id\":\"https:\\\/\\\/cidai.eu\\\/#website\"},\"datePublished\":\"2026-01-27T09:56:06+00:00\",\"dateModified\":\"2026-02-16T12:59:03+00:00\",\"breadcrumb\":{\"@id\":\"https:\\\/\\\/cidai.eu\\\/es\\\/del-hype-tecnolgic-a-una-ia-tica-humana-i-estratgica-una-visi-des-del-cidai\\\/#breadcrumb\"},\"inLanguage\":\"es\",\"potentialAction\":[{\"@type\":\"ReadAction\",\"target\":[\"https:\\\/\\\/cidai.eu\\\/es\\\/del-hype-tecnolgic-a-una-ia-tica-humana-i-estratgica-una-visi-des-del-cidai\\\/\"]}]},{\"@type\":\"BreadcrumbList\",\"@id\":\"https:\\\/\\\/cidai.eu\\\/es\\\/del-hype-tecnolgic-a-una-ia-tica-humana-i-estratgica-una-visi-des-del-cidai\\\/#breadcrumb\",\"itemListElement\":[{\"@type\":\"ListItem\",\"position\":1,\"name\":\"Inicio\",\"item\":\"https:\\\/\\\/cidai.eu\\\/\"},{\"@type\":\"ListItem\",\"position\":2,\"name\":\"Del hype tecnol\u00f3gico a una IA \u00e9tica, humana y estrat\u00e9gica: una visi\u00f3n desde el CIDAI\"}]},{\"@type\":\"WebSite\",\"@id\":\"https:\\\/\\\/cidai.eu\\\/#website\",\"url\":\"https:\\\/\\\/cidai.eu\\\/\",\"name\":\"CIDAI\",\"description\":\"el Centre d\u2019Innovaci\u00f3 en IA i Tecnologies de Dades\",\"publisher\":{\"@id\":\"https:\\\/\\\/cidai.eu\\\/#organization\"},\"potentialAction\":[{\"@type\":\"SearchAction\",\"target\":{\"@type\":\"EntryPoint\",\"urlTemplate\":\"https:\\\/\\\/cidai.eu\\\/?s={search_term_string}\"},\"query-input\":{\"@type\":\"PropertyValueSpecification\",\"valueRequired\":true,\"valueName\":\"search_term_string\"}}],\"inLanguage\":\"es\"},{\"@type\":\"Organization\",\"@id\":\"https:\\\/\\\/cidai.eu\\\/#organization\",\"name\":\"CIDAI\",\"url\":\"https:\\\/\\\/cidai.eu\\\/\",\"logo\":{\"@type\":\"ImageObject\",\"inLanguage\":\"es\",\"@id\":\"https:\\\/\\\/cidai.eu\\\/#\\\/schema\\\/logo\\\/image\\\/\",\"url\":\"https:\\\/\\\/cidai.eu\\\/wp-content\\\/uploads\\\/2025\\\/02\\\/CIDAI-header.png\",\"contentUrl\":\"https:\\\/\\\/cidai.eu\\\/wp-content\\\/uploads\\\/2025\\\/02\\\/CIDAI-header.png\",\"width\":385,\"height\":78,\"caption\":\"CIDAI\"},\"image\":{\"@id\":\"https:\\\/\\\/cidai.eu\\\/#\\\/schema\\\/logo\\\/image\\\/\"},\"sameAs\":[\"https:\\\/\\\/x.com\\\/cidai_eu\",\"https:\\\/\\\/www.linkedin.com\\\/company\\\/cidai\\\/posts\\\/?feedView=all\"]},{\"@type\":\"Person\",\"@id\":\"https:\\\/\\\/cidai.eu\\\/#\\\/schema\\\/person\\\/71d01be8ee87d57ca495a60d7c77949e\",\"name\":\"marina.sanchez@eurecat.org\",\"image\":{\"@type\":\"ImageObject\",\"inLanguage\":\"es\",\"@id\":\"https:\\\/\\\/secure.gravatar.com\\\/avatar\\\/8e1fd0ca74e3998abd2fe0a5db9438f8a2d17573de97148aeafd24540819dfd8?s=96&d=mm&r=g\",\"url\":\"https:\\\/\\\/secure.gravatar.com\\\/avatar\\\/8e1fd0ca74e3998abd2fe0a5db9438f8a2d17573de97148aeafd24540819dfd8?s=96&d=mm&r=g\",\"contentUrl\":\"https:\\\/\\\/secure.gravatar.com\\\/avatar\\\/8e1fd0ca74e3998abd2fe0a5db9438f8a2d17573de97148aeafd24540819dfd8?s=96&d=mm&r=g\",\"caption\":\"marina.sanchez@eurecat.org\"}}]}<\/script>\n<!-- \/ Yoast SEO plugin. -->","yoast_head_json":{"title":"Del hype tecnol\u00f3gico a una IA \u00e9tica, humana y estrat\u00e9gica: una visi\u00f3n desde el CIDAI - CIDAI","robots":{"index":"index","follow":"follow","max-snippet":"max-snippet:-1","max-image-preview":"max-image-preview:large","max-video-preview":"max-video-preview:-1"},"canonical":"https:\/\/cidai.eu\/es\/del-hype-tecnolgic-a-una-ia-tica-humana-i-estratgica-una-visi-des-del-cidai\/","og_locale":"es_ES","og_type":"article","og_title":"Del hype tecnol\u00f3gico a una IA \u00e9tica, humana y estrat\u00e9gica: una visi\u00f3n desde el CIDAI - CIDAI","og_description":"En aquest context de creixement i evoluci\u00f3 dels models de llenguatge constant, \u00e9s important\u00a0 que considerem adoptar i adaptar petits models de llenguatge quan desenvolupem [...]","og_url":"https:\/\/cidai.eu\/es\/del-hype-tecnolgic-a-una-ia-tica-humana-i-estratgica-una-visi-des-del-cidai\/","og_site_name":"CIDAI","article_published_time":"2026-01-27T09:56:06+00:00","article_modified_time":"2026-02-16T12:59:03+00:00","og_image":[{"width":385,"height":78,"url":"https:\/\/cidai.eu\/wp-content\/uploads\/2025\/02\/CIDAI-header.png","type":"image\/png"}],"author":"marina.sanchez@eurecat.org","twitter_card":"summary_large_image","twitter_creator":"@cidai_eu","twitter_site":"@cidai_eu","twitter_misc":{"Escrito por":"marina.sanchez@eurecat.org","Tiempo de lectura":"5 minutos"},"schema":{"@context":"https:\/\/schema.org","@graph":[{"@type":"Article","@id":"https:\/\/cidai.eu\/es\/del-hype-tecnolgic-a-una-ia-tica-humana-i-estratgica-una-visi-des-del-cidai\/#article","isPartOf":{"@id":"https:\/\/cidai.eu\/es\/del-hype-tecnolgic-a-una-ia-tica-humana-i-estratgica-una-visi-des-del-cidai\/"},"author":{"name":"marina.sanchez@eurecat.org","@id":"https:\/\/cidai.eu\/#\/schema\/person\/71d01be8ee87d57ca495a60d7c77949e"},"headline":"Del hype tecnol\u00f3gico a una IA \u00e9tica, humana y estrat\u00e9gica: una visi\u00f3n desde el CIDAI","datePublished":"2026-01-27T09:56:06+00:00","dateModified":"2026-02-16T12:59:03+00:00","mainEntityOfPage":{"@id":"https:\/\/cidai.eu\/es\/del-hype-tecnolgic-a-una-ia-tica-humana-i-estratgica-una-visi-des-del-cidai\/"},"wordCount":876,"publisher":{"@id":"https:\/\/cidai.eu\/#organization"},"articleSection":["Blog"],"inLanguage":"es"},{"@type":"WebPage","@id":"https:\/\/cidai.eu\/es\/del-hype-tecnolgic-a-una-ia-tica-humana-i-estratgica-una-visi-des-del-cidai\/","url":"https:\/\/cidai.eu\/es\/del-hype-tecnolgic-a-una-ia-tica-humana-i-estratgica-una-visi-des-del-cidai\/","name":"Del hype tecnol\u00f3gico a una IA \u00e9tica, humana y estrat\u00e9gica: una visi\u00f3n desde el CIDAI - CIDAI","isPartOf":{"@id":"https:\/\/cidai.eu\/#website"},"datePublished":"2026-01-27T09:56:06+00:00","dateModified":"2026-02-16T12:59:03+00:00","breadcrumb":{"@id":"https:\/\/cidai.eu\/es\/del-hype-tecnolgic-a-una-ia-tica-humana-i-estratgica-una-visi-des-del-cidai\/#breadcrumb"},"inLanguage":"es","potentialAction":[{"@type":"ReadAction","target":["https:\/\/cidai.eu\/es\/del-hype-tecnolgic-a-una-ia-tica-humana-i-estratgica-una-visi-des-del-cidai\/"]}]},{"@type":"BreadcrumbList","@id":"https:\/\/cidai.eu\/es\/del-hype-tecnolgic-a-una-ia-tica-humana-i-estratgica-una-visi-des-del-cidai\/#breadcrumb","itemListElement":[{"@type":"ListItem","position":1,"name":"Inicio","item":"https:\/\/cidai.eu\/"},{"@type":"ListItem","position":2,"name":"Del hype tecnol\u00f3gico a una IA \u00e9tica, humana y estrat\u00e9gica: una visi\u00f3n desde el CIDAI"}]},{"@type":"WebSite","@id":"https:\/\/cidai.eu\/#website","url":"https:\/\/cidai.eu\/","name":"CIDAI","description":"el Centre d\u2019Innovaci\u00f3 en IA i Tecnologies de Dades","publisher":{"@id":"https:\/\/cidai.eu\/#organization"},"potentialAction":[{"@type":"SearchAction","target":{"@type":"EntryPoint","urlTemplate":"https:\/\/cidai.eu\/?s={search_term_string}"},"query-input":{"@type":"PropertyValueSpecification","valueRequired":true,"valueName":"search_term_string"}}],"inLanguage":"es"},{"@type":"Organization","@id":"https:\/\/cidai.eu\/#organization","name":"CIDAI","url":"https:\/\/cidai.eu\/","logo":{"@type":"ImageObject","inLanguage":"es","@id":"https:\/\/cidai.eu\/#\/schema\/logo\/image\/","url":"https:\/\/cidai.eu\/wp-content\/uploads\/2025\/02\/CIDAI-header.png","contentUrl":"https:\/\/cidai.eu\/wp-content\/uploads\/2025\/02\/CIDAI-header.png","width":385,"height":78,"caption":"CIDAI"},"image":{"@id":"https:\/\/cidai.eu\/#\/schema\/logo\/image\/"},"sameAs":["https:\/\/x.com\/cidai_eu","https:\/\/www.linkedin.com\/company\/cidai\/posts\/?feedView=all"]},{"@type":"Person","@id":"https:\/\/cidai.eu\/#\/schema\/person\/71d01be8ee87d57ca495a60d7c77949e","name":"marina.sanchez@eurecat.org","image":{"@type":"ImageObject","inLanguage":"es","@id":"https:\/\/secure.gravatar.com\/avatar\/8e1fd0ca74e3998abd2fe0a5db9438f8a2d17573de97148aeafd24540819dfd8?s=96&d=mm&r=g","url":"https:\/\/secure.gravatar.com\/avatar\/8e1fd0ca74e3998abd2fe0a5db9438f8a2d17573de97148aeafd24540819dfd8?s=96&d=mm&r=g","contentUrl":"https:\/\/secure.gravatar.com\/avatar\/8e1fd0ca74e3998abd2fe0a5db9438f8a2d17573de97148aeafd24540819dfd8?s=96&d=mm&r=g","caption":"marina.sanchez@eurecat.org"}}]}},"_links":{"self":[{"href":"https:\/\/cidai.eu\/es\/wp-json\/wp\/v2\/posts\/10086","targetHints":{"allow":["GET"]}}],"collection":[{"href":"https:\/\/cidai.eu\/es\/wp-json\/wp\/v2\/posts"}],"about":[{"href":"https:\/\/cidai.eu\/es\/wp-json\/wp\/v2\/types\/post"}],"author":[{"embeddable":true,"href":"https:\/\/cidai.eu\/es\/wp-json\/wp\/v2\/users\/13"}],"replies":[{"embeddable":true,"href":"https:\/\/cidai.eu\/es\/wp-json\/wp\/v2\/comments?post=10086"}],"version-history":[{"count":5,"href":"https:\/\/cidai.eu\/es\/wp-json\/wp\/v2\/posts\/10086\/revisions"}],"predecessor-version":[{"id":10097,"href":"https:\/\/cidai.eu\/es\/wp-json\/wp\/v2\/posts\/10086\/revisions\/10097"}],"wp:attachment":[{"href":"https:\/\/cidai.eu\/es\/wp-json\/wp\/v2\/media?parent=10086"}],"wp:term":[{"taxonomy":"category","embeddable":true,"href":"https:\/\/cidai.eu\/es\/wp-json\/wp\/v2\/categories?post=10086"},{"taxonomy":"post_tag","embeddable":true,"href":"https:\/\/cidai.eu\/es\/wp-json\/wp\/v2\/tags?post=10086"}],"curies":[{"name":"wp","href":"https:\/\/api.w.org\/{rel}","templated":true}]}}